{"id":30793,"date":"2025-05-16T01:00:19","date_gmt":"2025-05-16T01:00:19","guid":{"rendered":"https:\/\/haberbesiktas.tr\/?p=30793"},"modified":"2025-05-16T01:00:19","modified_gmt":"2025-05-16T01:00:19","slug":"riza-calimbay-kalan-maclarimizi-iyi-sekilde-bitirmeliyiz","status":"publish","type":"post","link":"https:\/\/haberbesiktas.tr\/?p=30793","title":{"rendered":"R\u0131za \u00c7al\u0131mbay: &#8220;Kalan ma\u00e7lar\u0131m\u0131z\u0131 iyi \u015fekilde bitirmeliyiz&#8221;"},"content":{"rendered":"<div>\n<p>Trendyol \u00dcst\u00fcn Lig&#8217;in 28. haftas\u0131nda deplasmanda Ataka\u015f Hatayspor&#8217;a 3-2 yenilen Net K\u00fcresel Sivasspor&#8217;un teknik y\u00f6neticisi \u0130stek \u00c7al\u0131mbay, kalan ma\u00e7lar\u0131n\u0131 \u00e7ok yeterli formda bitirmeleri gerekti\u011fini s\u00f6yledi.\u00a0<\/p>\n<p> \u00c7al\u0131mbay, Mersin Stad\u0131&#8217;ndaki ma\u00e7\u0131n akabinde d\u00fczenlenen bas\u0131n toplant\u0131s\u0131nda, iki ekibin ma\u00e7ta b\u00fcy\u00fck gayret verdi\u011fini belirtti.<\/p>\n<p> Ma\u00e7a d\u00fczg\u00fcn ba\u015flad\u0131klar\u0131n\u0131 ve gol\u00fc bulduklar\u0131na anlatan \u00c7al\u0131mbay, daha sonraki dakikalarda d\u00fc\u015f\u00fc\u015f ya\u015fad\u0131klar\u0131n\u0131 kaydetti. \u0130stedikleri \u015feyleri yapamad\u0131klar\u0131na dikkati \u00e7eken \u00c7al\u0131mbay, \u015f\u00f6yle konu\u015ftu:<\/p>\n<p> <strong>&#8220;\u0130kinci yar\u0131 her t\u00fcrl\u00fc riske girerek oynad\u0131k. Gol att\u0131k, goller ka\u00e7\u0131rd\u0131. Rakibimizde ka\u00e7\u0131rd\u0131. Yapacak bir \u015fey yok. \u015eu an kalan ma\u00e7lar\u0131m\u0131z var. O ma\u00e7lar\u0131 \u00e7ok uygun bi\u00e7imde bitirmemiz gerekiyor. Herkes Hatayspor ma\u00e7\u0131n\u0131n kolay ma\u00e7 olaca\u011f\u0131n\u0131 zannetti fakat o denli de\u011fildi. Bundan sonra oynanacak Adana Demirspor ma\u00e7\u0131n\u0131 da o denli d\u00fc\u015f\u00fcn\u00fcrlerse olmaz. Onun i\u00e7in o ma\u00e7a daha yeterli formda \u00e7al\u0131\u015fmam\u0131z gerekiyor. Esasen kadromuzun dertli \u015feyleri vard\u0131. S\u00f6ylense de olur s\u00f6ylenmese de. 5-6 sakatl\u0131k var. Onlar bu ortada gelirse o vakit apayr\u0131 ho\u015f grup olarak ma\u00e7lar\u0131m\u0131za devam edece\u011fiz.&#8221;<\/strong><\/p>\n<p> \u00a0<\/p>\n<\/div>\n<p><\/p>\n","protected":false},"excerpt":{"rendered":"<p>Net K\u00fcresel Sivasspor Teknik Y\u00f6neticisi \u0130stek \u00c7al\u0131mbay, Hatayspor ma\u00e7\u0131n\u0131n akabinde a\u00e7\u0131klamalarda bulundu.<\/p>\n","protected":false},"author":1,"featured_media":30794,"comment_status":"open","ping_status":"open","sticky":false,"template":"","format":"standard","meta":{"footnotes":""},"categories":[25],"tags":[50],"class_list":["post-30793","post","type-post","status-publish","format-standard","has-post-thumbnail","hentry","category-futbol","tag-mac"],"_links":{"self":[{"href":"https:\/\/haberbesiktas.tr\/index.php?rest_route=\/wp\/v2\/posts\/30793","targetHints":{"allow":["GET"]}}],"collection":[{"href":"https:\/\/haberbesiktas.tr\/index.php?rest_route=\/wp\/v2\/posts"}],"about":[{"href":"https:\/\/haberbesiktas.tr\/index.php?rest_route=\/wp\/v2\/types\/post"}],"author":[{"embeddable":true,"href":"https:\/\/haberbesiktas.tr\/index.php?rest_route=\/wp\/v2\/users\/1"}],"replies":[{"embeddable":true,"href":"https:\/\/haberbesiktas.tr\/index.php?rest_route=%2Fwp%2Fv2%2Fcomments&post=30793"}],"version-history":[{"count":1,"href":"https:\/\/haberbesiktas.tr\/index.php?rest_route=\/wp\/v2\/posts\/30793\/revisions"}],"predecessor-version":[{"id":30795,"href":"https:\/\/haberbesiktas.tr\/index.php?rest_route=\/wp\/v2\/posts\/30793\/revisions\/30795"}],"wp:featuredmedia":[{"embeddable":true,"href":"https:\/\/haberbesiktas.tr\/index.php?rest_route=\/wp\/v2\/media\/30794"}],"wp:attachment":[{"href":"https:\/\/haberbesiktas.tr\/index.php?rest_route=%2Fwp%2Fv2%2Fmedia&parent=30793"}],"wp:term":[{"taxonomy":"category","embeddable":true,"href":"https:\/\/haberbesiktas.tr\/index.php?rest_route=%2Fwp%2Fv2%2Fcategories&post=30793"},{"taxonomy":"post_tag","embeddable":true,"href":"https:\/\/haberbesiktas.tr\/index.php?rest_route=%2Fwp%2Fv2%2Ftags&post=30793"}],"curies":[{"name":"wp","href":"https:\/\/api.w.org\/{rel}","templated":true}]}}