{"id":30796,"date":"2025-05-16T01:12:17","date_gmt":"2025-05-16T01:12:17","guid":{"rendered":"https:\/\/haberbesiktas.tr\/?p=30796"},"modified":"2025-05-16T01:12:17","modified_gmt":"2025-05-16T01:12:17","slug":"jose-mourinho-zor-olacak-ama-deneyecegiz","status":"publish","type":"post","link":"https:\/\/haberbesiktas.tr\/?p=30796","title":{"rendered":"Jose Mourinho: &#8220;Zor olacak ama deneyece\u011fiz&#8221;"},"content":{"rendered":"<p>Fenerbah\u00e7e Teknik Y\u00f6neticisi Jose Mourinho, Samsunspor ma\u00e7\u0131ndan evvel a\u00e7\u0131klamalarda bulundu.<\/p>\n<p> Portekizli teknik adam, &#8220;Oyunun temposu iki kadroya ba\u011fl\u0131, hakeme de ba\u011fl\u0131. Per\u015fembe hatta cuma 120 dakikal\u0131k bir ma\u00e7 oynad\u0131k. Rakibimziin bu ma\u00e7a haz\u0131rlanmak i\u00e7in 1 haftas\u0131 vard\u0131. De\u011fi\u015fiklikler yapmam gerekti. Niyetimiz t\u0131pk\u0131 ekiple \u00e7\u0131kmak olurdu, zira grup ola\u011fan\u00fcst\u00fc performans g\u00f6sterdi. Dokunmak zorundayd\u0131k. Taze ayaklar diyece\u011fimiz oyuncular\u0131 alana s\u00fcrmek zorundayd\u0131k. Ekibin buna muhta\u00e7l\u0131\u011f\u0131 vard\u0131. 5 oyuncu da alana s\u00fcrece\u011fiz. S\u0131k\u0131nt\u0131 olacak fakat deneyece\u011fiz.&#8221; dedi.<\/p>\n<p> Mourinho, &#8220;Satka&#8217;n\u0131n sakatl\u0131\u011f\u0131n\u0131 nedeniyle gen\u00e7 bir oyuncu oynayacak o b\u00f6lgede&#8230;&#8221; halinde gelen hat\u0131rlatman\u0131n akabinde, &#8220;Bizler d\u00f6nem boyunca \u00e7ok fazla sakatl\u0131k ya\u015fad\u0131k. 14-15 sakatl\u0131k ya\u015fad\u0131k. Samsun d\u00f6nem i\u00e7inde 1 ma\u00e7 oynuyor. Zaafiyet ya\u015fayacaklar\u0131n\u0131 d\u00fc\u015f\u00fcnm\u00fcyorum. Bug\u00fcn ekstra motive olacaklard\u0131r. S\u0131k\u0131nt\u0131 olacak lakin kazanmak istiyoruz.&#8221; kelamlar\u0131n\u0131 sarf etti.<\/p>\n<p><\/p>\n","protected":false},"excerpt":{"rendered":"<p>Fenerbah\u00e7e Teknik Y\u00f6neticisi Jose Mourinho, Samsunspor ma\u00e7\u0131ndan evvel konu\u015ftu.<\/p>\n","protected":false},"author":1,"featured_media":30797,"comment_status":"open","ping_status":"open","sticky":false,"template":"","format":"standard","meta":{"footnotes":""},"categories":[25],"tags":[],"class_list":["post-30796","post","type-post","status-publish","format-standard","has-post-thumbnail","hentry","category-futbol"],"_links":{"self":[{"href":"https:\/\/haberbesiktas.tr\/index.php?rest_route=\/wp\/v2\/posts\/30796","targetHints":{"allow":["GET"]}}],"collection":[{"href":"https:\/\/haberbesiktas.tr\/index.php?rest_route=\/wp\/v2\/posts"}],"about":[{"href":"https:\/\/haberbesiktas.tr\/index.php?rest_route=\/wp\/v2\/types\/post"}],"author":[{"embeddable":true,"href":"https:\/\/haberbesiktas.tr\/index.php?rest_route=\/wp\/v2\/users\/1"}],"replies":[{"embeddable":true,"href":"https:\/\/haberbesiktas.tr\/index.php?rest_route=%2Fwp%2Fv2%2Fcomments&post=30796"}],"version-history":[{"count":1,"href":"https:\/\/haberbesiktas.tr\/index.php?rest_route=\/wp\/v2\/posts\/30796\/revisions"}],"predecessor-version":[{"id":30798,"href":"https:\/\/haberbesiktas.tr\/index.php?rest_route=\/wp\/v2\/posts\/30796\/revisions\/30798"}],"wp:featuredmedia":[{"embeddable":true,"href":"https:\/\/haberbesiktas.tr\/index.php?rest_route=\/wp\/v2\/media\/30797"}],"wp:attachment":[{"href":"https:\/\/haberbesiktas.tr\/index.php?rest_route=%2Fwp%2Fv2%2Fmedia&parent=30796"}],"wp:term":[{"taxonomy":"category","embeddable":true,"href":"https:\/\/haberbesiktas.tr\/index.php?rest_route=%2Fwp%2Fv2%2Fcategories&post=30796"},{"taxonomy":"post_tag","embeddable":true,"href":"https:\/\/haberbesiktas.tr\/index.php?rest_route=%2Fwp%2Fv2%2Ftags&post=30796"}],"curies":[{"name":"wp","href":"https:\/\/api.w.org\/{rel}","templated":true}]}}