{"id":30863,"date":"2025-05-16T05:36:16","date_gmt":"2025-05-16T05:36:16","guid":{"rendered":"https:\/\/haberbesiktas.tr\/?p=30863"},"modified":"2025-05-16T05:36:16","modified_gmt":"2025-05-16T05:36:16","slug":"kadikoyde-mac-sonu-tartisma","status":"publish","type":"post","link":"https:\/\/haberbesiktas.tr\/?p=30863","title":{"rendered":"Kad\u0131k\u00f6y&#8217;de ma\u00e7 sonu tart\u0131\u015fma!"},"content":{"rendered":"<div>Fenerbah\u00e7e &#8211; Samsunspor ma\u00e7\u0131n\u0131n akabinde k\u0131sa vadeli bir tart\u0131\u015fma ya\u015fand\u0131.<\/p>\n<p> Ma\u00e7\u0131n biti\u015f d\u00fcd\u00fc\u011f\u00fc sonras\u0131 Fenerbah\u00e7e&#8217;den \u0130rfan Can Kahveci ile Samsunspor&#8217;dan Marc Bola, tart\u0131\u015fma ya\u015fad\u0131.<\/p>\n<p> \u0130ki grup futbolcular\u0131 ortaya girdi ve tart\u0131\u015fman\u0131n b\u00fcy\u00fcmesine mani oldu.<\/p>\n<p> Tart\u0131\u015fman\u0131n akabinde g\u00fcvenlik g\u00fc\u00e7leri de alana girdi ve tedbir ald\u0131.<\/p>\n<\/div>\n<p><\/p>\n","protected":false},"excerpt":{"rendered":"<p>Fenerbah\u00e7e &#8211; Samsunspor ma\u00e7\u0131n\u0131n akabinde \u0130rfan Can Kahveci ve Marc Bola ortas\u0131nda k\u0131sa periyodik bir tart\u0131\u015fma ya\u015fand\u0131.<\/p>\n","protected":false},"author":1,"featured_media":30864,"comment_status":"open","ping_status":"open","sticky":false,"template":"","format":"standard","meta":{"footnotes":""},"categories":[25],"tags":[],"class_list":["post-30863","post","type-post","status-publish","format-standard","has-post-thumbnail","hentry","category-futbol"],"_links":{"self":[{"href":"https:\/\/haberbesiktas.tr\/index.php?rest_route=\/wp\/v2\/posts\/30863","targetHints":{"allow":["GET"]}}],"collection":[{"href":"https:\/\/haberbesiktas.tr\/index.php?rest_route=\/wp\/v2\/posts"}],"about":[{"href":"https:\/\/haberbesiktas.tr\/index.php?rest_route=\/wp\/v2\/types\/post"}],"author":[{"embeddable":true,"href":"https:\/\/haberbesiktas.tr\/index.php?rest_route=\/wp\/v2\/users\/1"}],"replies":[{"embeddable":true,"href":"https:\/\/haberbesiktas.tr\/index.php?rest_route=%2Fwp%2Fv2%2Fcomments&post=30863"}],"version-history":[{"count":1,"href":"https:\/\/haberbesiktas.tr\/index.php?rest_route=\/wp\/v2\/posts\/30863\/revisions"}],"predecessor-version":[{"id":30865,"href":"https:\/\/haberbesiktas.tr\/index.php?rest_route=\/wp\/v2\/posts\/30863\/revisions\/30865"}],"wp:featuredmedia":[{"embeddable":true,"href":"https:\/\/haberbesiktas.tr\/index.php?rest_route=\/wp\/v2\/media\/30864"}],"wp:attachment":[{"href":"https:\/\/haberbesiktas.tr\/index.php?rest_route=%2Fwp%2Fv2%2Fmedia&parent=30863"}],"wp:term":[{"taxonomy":"category","embeddable":true,"href":"https:\/\/haberbesiktas.tr\/index.php?rest_route=%2Fwp%2Fv2%2Fcategories&post=30863"},{"taxonomy":"post_tag","embeddable":true,"href":"https:\/\/haberbesiktas.tr\/index.php?rest_route=%2Fwp%2Fv2%2Ftags&post=30863"}],"curies":[{"name":"wp","href":"https:\/\/api.w.org\/{rel}","templated":true}]}}