{"id":30880,"date":"2025-05-16T06:24:22","date_gmt":"2025-05-16T06:24:22","guid":{"rendered":"https:\/\/haberbesiktas.tr\/?p=30880"},"modified":"2025-05-16T06:24:22","modified_gmt":"2025-05-16T06:24:22","slug":"orkun-ve-kerem-benficaya-3-puani-getirdi","status":"publish","type":"post","link":"https:\/\/haberbesiktas.tr\/?p=30880","title":{"rendered":"Orkun ve Kerem Benfica&#8217;ya 3 puan\u0131 getirdi!"},"content":{"rendered":"<div>Portekiz Premier Lig&#8217;in 26. hafta ma\u00e7\u0131nda Benfica, Rio Ave&#8217;ye konuk oldu.<\/p>\n<p>Rio Ave Futebol Clube Stadyumu&#8217;ndaki \u00e7abay\u0131 konuk grup Benfica 3-2 kazand\u0131.<\/p>\n<p>Benfica&#8217;ya galibiyeti getiren golleri 30. dakikada <strong>Orkun K\u00f6k\u00e7\u00fc<\/strong>, 53. dakikada penalt\u0131dan <strong>Pavlidis<\/strong> ve 80. dakikada<strong> Kerem Akt\u00fcrko\u011flu<\/strong> kaydetti.\u00a0<\/p>\n<p>Rio Ave&#8217;nin gollerini ise 64. dakikada Brandon Aguilera ile 75. dakikada <strong>Clayton<\/strong> att\u0131.<\/p>\n<p>M\u00fccadeleye Benfica formas\u0131yla birinci 11&#8217;de ba\u015flayan <strong>Orkun K\u00f6k\u00e7\u00fc<\/strong>, 74.dakikada yerini <strong>Renato Sanchez<\/strong>&#8216;e b\u0131rakt\u0131.<\/p>\n<p><strong>6 DAK\u0130KA SONRA GAL\u0130B\u0130YET\u0130 GET\u0130RD\u0130<\/strong><\/p>\n<p>\u00d6te yandan \u00e7abaya yedek kul\u00fcbesinde ba\u015flayan <strong>Kerem Akt\u00fcrko\u011flu<\/strong> 74. dakikada <strong>Zeki Amdouni<\/strong>&#8216;nin yerine oyuna dahil oldu ve 80 dakikada Benfica&#8217;ya galibiyeti getiren gol\u00fc kaydetti.<\/p>\n<p><strong>DEM\u0130R EGE B\u0130R\u0130NC\u0130 11&#8217;DE BA\u015eLADI<\/strong><\/p>\n<p>Rio Ave&#8217;de gayrete birinci 11&#8217;de ba\u015flayan<strong> Demir Ege T\u0131knaz<\/strong>, 73. dakikada oyundan al\u0131nd\u0131.<\/p>\n<p>Bu sonucun akabinde Benfica, bir ma\u00e7\u0131 eksik olmas\u0131na kar\u015f\u0131n puan\u0131n\u0131 59&#8217;a y\u00fckseltti ve \u00f6nder Sporting&#8217;in 3 puan gerisinde ikinci s\u0131radaki yerini korudu. Rio Ave, 29 puanda kald\u0131.\u00a0<\/p>\n<p>Portekiz Premier Lig&#8217;in gelecek haftas\u0131nda Benfica, Gil Vicente deplasman\u0131na gidecek. Rio Ave, Casa Pia&#8217;ya konuk olacak.<\/p>\n<p><strong>ORKUN K\u00d6K\u00c7\u00dc&#8217;N\u00dcN KUSURSUZ GOL\u00dc<\/strong><\/p>\n<blockquote class=\"twitter-tweet\" data-width=\"500\" data-dnt=\"true\">\n<p lang=\"tr\" dir=\"ltr\">\ud83c\uddf9\ud83c\uddf7ORKUN K\u00d6K\u00c7\u00dc, F\u00dcZE YOLLADI! \ud83d\ude80\ud83d\ude31 <a href=\"https:\/\/t.co\/ZXra01cXrg\" rel=\"nofollow\">https:\/\/t.co\/ZXra01cXrg<\/a><\/p>\n<p>&mdash; Sporxtv (@sporxtv) <a href=\"https:\/\/twitter.com\/sporxtv\/status\/1901342010667118968?ref_src=twsrc%5Etfw\" rel=\"nofollow noopener\" target=\"_blank\">March 16, 2025<\/a><\/p><\/blockquote>\n<p><script async src=\"https:\/\/platform.twitter.com\/widgets.js\" charset=\"utf-8\"><\/script><\/p>\n<\/p><\/div>\n<p><\/p>\n","protected":false},"excerpt":{"rendered":"<p>Portekiz Premier Lig&#8217;in 26. hafta ma\u00e7\u0131nda Orkun K\u00f6k\u00e7\u00fc ve Kerem Akt\u00fcrko\u011flu&#8217;nun gol att\u0131\u011f\u0131 m\u00fcsabakada Benfica, deplasmanda Rio Ave&#8217;yi 3-2 ma\u011flup etti.<\/p>\n","protected":false},"author":1,"featured_media":30882,"comment_status":"open","ping_status":"open","sticky":false,"template":"","format":"standard","meta":{"footnotes":""},"categories":[25],"tags":[309,1974],"class_list":["post-30880","post","type-post","status-publish","format-standard","has-post-thumbnail","hentry","category-futbol","tag-benfica","tag-rio-ave"],"_links":{"self":[{"href":"https:\/\/haberbesiktas.tr\/index.php?rest_route=\/wp\/v2\/posts\/30880","targetHints":{"allow":["GET"]}}],"collection":[{"href":"https:\/\/haberbesiktas.tr\/index.php?rest_route=\/wp\/v2\/posts"}],"about":[{"href":"https:\/\/haberbesiktas.tr\/index.php?rest_route=\/wp\/v2\/types\/post"}],"author":[{"embeddable":true,"href":"https:\/\/haberbesiktas.tr\/index.php?rest_route=\/wp\/v2\/users\/1"}],"replies":[{"embeddable":true,"href":"https:\/\/haberbesiktas.tr\/index.php?rest_route=%2Fwp%2Fv2%2Fcomments&post=30880"}],"version-history":[{"count":1,"href":"https:\/\/haberbesiktas.tr\/index.php?rest_route=\/wp\/v2\/posts\/30880\/revisions"}],"predecessor-version":[{"id":30883,"href":"https:\/\/haberbesiktas.tr\/index.php?rest_route=\/wp\/v2\/posts\/30880\/revisions\/30883"}],"wp:featuredmedia":[{"embeddable":true,"href":"https:\/\/haberbesiktas.tr\/index.php?rest_route=\/wp\/v2\/media\/30882"}],"wp:attachment":[{"href":"https:\/\/haberbesiktas.tr\/index.php?rest_route=%2Fwp%2Fv2%2Fmedia&parent=30880"}],"wp:term":[{"taxonomy":"category","embeddable":true,"href":"https:\/\/haberbesiktas.tr\/index.php?rest_route=%2Fwp%2Fv2%2Fcategories&post=30880"},{"taxonomy":"post_tag","embeddable":true,"href":"https:\/\/haberbesiktas.tr\/index.php?rest_route=%2Fwp%2Fv2%2Ftags&post=30880"}],"curies":[{"name":"wp","href":"https:\/\/api.w.org\/{rel}","templated":true}]}}