{"id":30884,"date":"2025-05-16T06:36:18","date_gmt":"2025-05-16T06:36:18","guid":{"rendered":"https:\/\/haberbesiktas.tr\/?p=30884"},"modified":"2025-05-16T06:36:18","modified_gmt":"2025-05-16T06:36:18","slug":"milan-skrinar-hayal-kirikligi-yasiyoruz","status":"publish","type":"post","link":"https:\/\/haberbesiktas.tr\/?p=30884","title":{"rendered":"Milan Skrinar: &#8220;Hayal k\u0131r\u0131kl\u0131\u011f\u0131 ya\u015f\u0131yoruz&#8221;"},"content":{"rendered":"<div>Fenerbah\u00e7e&#8217;nin Slovak stoperi Milan Skriniar, Reeder Samsunspor ile 0-0 berabere kald\u0131klar\u0131 ma\u00e7\u0131n akabinde konu\u015ftu.<\/p>\n<p> \u00c7abay\u0131 pahaland\u0131ran Skriniar, &#8220;Birinci yar\u0131 oyunun denetimi bizdeydi. F\u0131rsatlar da yaratt\u0131k. \u0130kinci yar\u0131 da \u00e7ok f\u0131rsat buduk fakat gol\u00fc bulamad\u0131k. Gol atay\u0131nca kazanam\u0131yorsunuz.&#8221; dedi.<\/p>\n<p> Skriniar, &#8220;Ma\u00e7 genelinde rakibe nazaran \u00e7ok uygunduk. Onlara hi\u00e7 f\u0131rsat vermedik ancak hayal k\u0131r\u0131kl\u0131\u011f\u0131 ya\u015f\u0131yoruz bu sonu\u00e7tan \u00f6t\u00fcr\u00fc. Yolumuza devam edece\u011fiz.&#8221; tabirlerini kulland\u0131.<\/p>\n<\/div>\n<p><\/p>\n","protected":false},"excerpt":{"rendered":"<p>Fenerbah\u00e7e&#8217;nin Slovak y\u0131ld\u0131z\u0131 Milan Skriniar, Samsunspor ma\u00e7\u0131 sonras\u0131 konu\u015ftu.<\/p>\n","protected":false},"author":1,"featured_media":30885,"comment_status":"open","ping_status":"open","sticky":false,"template":"","format":"standard","meta":{"footnotes":""},"categories":[25],"tags":[],"class_list":["post-30884","post","type-post","status-publish","format-standard","has-post-thumbnail","hentry","category-futbol"],"_links":{"self":[{"href":"https:\/\/haberbesiktas.tr\/index.php?rest_route=\/wp\/v2\/posts\/30884","targetHints":{"allow":["GET"]}}],"collection":[{"href":"https:\/\/haberbesiktas.tr\/index.php?rest_route=\/wp\/v2\/posts"}],"about":[{"href":"https:\/\/haberbesiktas.tr\/index.php?rest_route=\/wp\/v2\/types\/post"}],"author":[{"embeddable":true,"href":"https:\/\/haberbesiktas.tr\/index.php?rest_route=\/wp\/v2\/users\/1"}],"replies":[{"embeddable":true,"href":"https:\/\/haberbesiktas.tr\/index.php?rest_route=%2Fwp%2Fv2%2Fcomments&post=30884"}],"version-history":[{"count":1,"href":"https:\/\/haberbesiktas.tr\/index.php?rest_route=\/wp\/v2\/posts\/30884\/revisions"}],"predecessor-version":[{"id":30886,"href":"https:\/\/haberbesiktas.tr\/index.php?rest_route=\/wp\/v2\/posts\/30884\/revisions\/30886"}],"wp:featuredmedia":[{"embeddable":true,"href":"https:\/\/haberbesiktas.tr\/index.php?rest_route=\/wp\/v2\/media\/30885"}],"wp:attachment":[{"href":"https:\/\/haberbesiktas.tr\/index.php?rest_route=%2Fwp%2Fv2%2Fmedia&parent=30884"}],"wp:term":[{"taxonomy":"category","embeddable":true,"href":"https:\/\/haberbesiktas.tr\/index.php?rest_route=%2Fwp%2Fv2%2Fcategories&post=30884"},{"taxonomy":"post_tag","embeddable":true,"href":"https:\/\/haberbesiktas.tr\/index.php?rest_route=%2Fwp%2Fv2%2Ftags&post=30884"}],"curies":[{"name":"wp","href":"https:\/\/api.w.org\/{rel}","templated":true}]}}