{"id":30887,"date":"2025-05-16T06:48:18","date_gmt":"2025-05-16T06:48:18","guid":{"rendered":"https:\/\/haberbesiktas.tr\/?p=30887"},"modified":"2025-05-16T06:48:18","modified_gmt":"2025-05-16T06:48:18","slug":"mert-hakan-yandas-camiamizdan-ozur-dilerim","status":"publish","type":"post","link":"https:\/\/haberbesiktas.tr\/?p=30887","title":{"rendered":"Mert Hakan Yanda\u015f: &#8220;Camiam\u0131zdan \u00f6z\u00fcr dilerim&#8221;"},"content":{"rendered":"<div>Fenerbah\u00e7e formas\u0131 giyen Mert Hakan Yanda\u015f, Samsunspor ma\u00e7\u0131n\u0131n akabinde a\u00e7\u0131klamalarda bulundu.<\/p>\n<p> Mert Hakan Yanda\u015f, a\u00e7\u0131klamas\u0131nda Fenerbah\u00e7e toplulu\u011fundan \u00f6z\u00fcr diledi.<\/p>\n<p> Mert Hakan Yanda\u015f, <strong>&#8220;Ben toplulu\u011fumuzdan \u00f6z\u00fcr diliyorum. Ne s\u00f6yleseler hakl\u0131lar. \u00d6teki da diyecek bir \u015fey yok!&#8221;<\/strong> dedi.<\/p>\n<\/div>\n<p><\/p>\n","protected":false},"excerpt":{"rendered":"<p>Mert Hakan Yanda\u015f, Samsunspor ma\u00e7\u0131n\u0131n akabinde, &#8220;Ben toplulu\u011fumuzdan \u00f6z\u00fcr diliyorum. Ne s\u00f6yleseler hakl\u0131lar. Di\u011fer da diyecek bir \u015fey yok!&#8221; dedi.<\/p>\n","protected":false},"author":1,"featured_media":30888,"comment_status":"open","ping_status":"open","sticky":false,"template":"","format":"standard","meta":{"footnotes":""},"categories":[25],"tags":[],"class_list":["post-30887","post","type-post","status-publish","format-standard","has-post-thumbnail","hentry","category-futbol"],"_links":{"self":[{"href":"https:\/\/haberbesiktas.tr\/index.php?rest_route=\/wp\/v2\/posts\/30887","targetHints":{"allow":["GET"]}}],"collection":[{"href":"https:\/\/haberbesiktas.tr\/index.php?rest_route=\/wp\/v2\/posts"}],"about":[{"href":"https:\/\/haberbesiktas.tr\/index.php?rest_route=\/wp\/v2\/types\/post"}],"author":[{"embeddable":true,"href":"https:\/\/haberbesiktas.tr\/index.php?rest_route=\/wp\/v2\/users\/1"}],"replies":[{"embeddable":true,"href":"https:\/\/haberbesiktas.tr\/index.php?rest_route=%2Fwp%2Fv2%2Fcomments&post=30887"}],"version-history":[{"count":1,"href":"https:\/\/haberbesiktas.tr\/index.php?rest_route=\/wp\/v2\/posts\/30887\/revisions"}],"predecessor-version":[{"id":30889,"href":"https:\/\/haberbesiktas.tr\/index.php?rest_route=\/wp\/v2\/posts\/30887\/revisions\/30889"}],"wp:featuredmedia":[{"embeddable":true,"href":"https:\/\/haberbesiktas.tr\/index.php?rest_route=\/wp\/v2\/media\/30888"}],"wp:attachment":[{"href":"https:\/\/haberbesiktas.tr\/index.php?rest_route=%2Fwp%2Fv2%2Fmedia&parent=30887"}],"wp:term":[{"taxonomy":"category","embeddable":true,"href":"https:\/\/haberbesiktas.tr\/index.php?rest_route=%2Fwp%2Fv2%2Fcategories&post=30887"},{"taxonomy":"post_tag","embeddable":true,"href":"https:\/\/haberbesiktas.tr\/index.php?rest_route=%2Fwp%2Fv2%2Ftags&post=30887"}],"curies":[{"name":"wp","href":"https:\/\/api.w.org\/{rel}","templated":true}]}}