{"id":30893,"date":"2025-05-16T07:12:19","date_gmt":"2025-05-16T07:12:19","guid":{"rendered":"https:\/\/haberbesiktas.tr\/?p=30893"},"modified":"2025-05-16T07:12:19","modified_gmt":"2025-05-16T07:12:19","slug":"mourinhodan-sampiyonluk-sorusuna-yanit","status":"publish","type":"post","link":"https:\/\/haberbesiktas.tr\/?p=30893","title":{"rendered":"Mourinho&#8217;dan \u015fampiyonluk sorusuna yan\u0131t!"},"content":{"rendered":"<div>Fenerbah\u00e7e Teknik Y\u00f6neticisi Jose Mourinho, Samsunspor ma\u00e7\u0131n\u0131n akabinde a\u00e7\u0131klamalarda bulundu.<\/p>\n<p> Portekizli teknik adam,<strong> &#8220;Bug\u00fcn gol atamad\u0131k. Ma\u00e7\u0131 kaybetmemiz imkans\u0131zd\u0131. Rakibin kaleye gelen 1 \u015futu yok. Ma\u00e7\u0131 kazanmak i\u00e7in gol atmak gerekiyor. 2. yar\u0131 ba\u015f\u0131nda g\u00fc\u00e7 d\u00fc\u015f\u00fc\u015f\u00fcn\u00fc hissettik. Duygusal manada birtak\u0131m oyuncularda 2 g\u00fcn evvel 120 dakika oynaman\u0131n tesirini g\u00f6rd\u00fck. Terlerinin son dakikas\u0131na kadar u\u011fra\u015f ettiler. \u0130nan\u0131lmaz konumlar \u00fcrettik. Ka\u00e7\u0131rmak daha zordu. Ma\u00e7\u0131 kaybetmemiz imkans\u0131zd\u0131. Kalede ha ben vard\u0131m ha Livakovic. Hi\u00e7 fark etmezdi.&#8221;<\/strong> dedi.<\/p>\n<p> Mourinho,<strong> &#8220;Fenerbah\u00e7e&#8217;nin \u015fampiyonluk baht\u0131n\u0131n kald\u0131\u011f\u0131n\u0131 d\u00fc\u015f\u00fcn\u00fcyor mu?&#8221;<\/strong> sorusuna, <strong>&#8220;Evet.\u00a0\u015eampiyonluk talihimiz devam ediyor.&#8221; <\/strong>yan\u0131t\u0131n\u0131 verdi.<\/p>\n<\/div>\n<p><\/p>\n","protected":false},"excerpt":{"rendered":"<p>Fenerbah\u00e7e Teknik Y\u00f6neticisi Jose Mourinho, Samsunspor ma\u00e7\u0131n\u0131n akabinde konu\u015ftu.<\/p>\n","protected":false},"author":1,"featured_media":30894,"comment_status":"open","ping_status":"open","sticky":false,"template":"","format":"standard","meta":{"footnotes":""},"categories":[25],"tags":[],"class_list":["post-30893","post","type-post","status-publish","format-standard","has-post-thumbnail","hentry","category-futbol"],"_links":{"self":[{"href":"https:\/\/haberbesiktas.tr\/index.php?rest_route=\/wp\/v2\/posts\/30893","targetHints":{"allow":["GET"]}}],"collection":[{"href":"https:\/\/haberbesiktas.tr\/index.php?rest_route=\/wp\/v2\/posts"}],"about":[{"href":"https:\/\/haberbesiktas.tr\/index.php?rest_route=\/wp\/v2\/types\/post"}],"author":[{"embeddable":true,"href":"https:\/\/haberbesiktas.tr\/index.php?rest_route=\/wp\/v2\/users\/1"}],"replies":[{"embeddable":true,"href":"https:\/\/haberbesiktas.tr\/index.php?rest_route=%2Fwp%2Fv2%2Fcomments&post=30893"}],"version-history":[{"count":1,"href":"https:\/\/haberbesiktas.tr\/index.php?rest_route=\/wp\/v2\/posts\/30893\/revisions"}],"predecessor-version":[{"id":30895,"href":"https:\/\/haberbesiktas.tr\/index.php?rest_route=\/wp\/v2\/posts\/30893\/revisions\/30895"}],"wp:featuredmedia":[{"embeddable":true,"href":"https:\/\/haberbesiktas.tr\/index.php?rest_route=\/wp\/v2\/media\/30894"}],"wp:attachment":[{"href":"https:\/\/haberbesiktas.tr\/index.php?rest_route=%2Fwp%2Fv2%2Fmedia&parent=30893"}],"wp:term":[{"taxonomy":"category","embeddable":true,"href":"https:\/\/haberbesiktas.tr\/index.php?rest_route=%2Fwp%2Fv2%2Fcategories&post=30893"},{"taxonomy":"post_tag","embeddable":true,"href":"https:\/\/haberbesiktas.tr\/index.php?rest_route=%2Fwp%2Fv2%2Ftags&post=30893"}],"curies":[{"name":"wp","href":"https:\/\/api.w.org\/{rel}","templated":true}]}}