{"id":30896,"date":"2025-05-16T07:24:20","date_gmt":"2025-05-16T07:24:20","guid":{"rendered":"https:\/\/haberbesiktas.tr\/?p=30896"},"modified":"2025-05-16T07:24:20","modified_gmt":"2025-05-16T07:24:20","slug":"yunus-emre-cift-bu-puan-yuksel-yildirima-armagan-olsun","status":"publish","type":"post","link":"https:\/\/haberbesiktas.tr\/?p=30896","title":{"rendered":"Yunus Emre \u00c7ift: &#8220;Bu puan Y\u00fcksel Y\u0131ld\u0131r\u0131m&#8217;a arma\u011fan olsun&#8221;"},"content":{"rendered":"<div>Reeder Samsunspor&#8217;un savunma oyuncusu Yunus Emre \u00c7ift, Fenerbah\u00e7e ile Kad\u0131k\u00f6y&#8217;de 0-0 berabere kald\u0131klar\u0131 ma\u00e7 sonras\u0131 konu\u015ftu.<\/p>\n<p> Yunus Emre \u00c7ift, &#8220;<strong>De\u011ferli liderimiz Y\u00fcksel Y\u0131ld\u0131r\u0131m&#8217;a hak etmedi\u011fi formda \u00e7ok a\u011f\u0131r k\u00fcf\u00fcrler edildi. Ald\u0131\u011f\u0131m\u0131z 1 puan\u0131 ona arma\u011fan ediyorum. Yeterli ki bizimle, \u00e2l\u00e2 ki Samsunspor&#8217;un lideri&#8230;<\/strong>&#8221; s\u00f6zlerini kulland\u0131.<\/p>\n<p> <span><strong>&#8220;R\u0130CA ED\u0130YORUM HAKEMLERDEN, D\u0130KKAT!&#8221;<\/strong><\/span><\/p>\n<p> Samsunspor kaptan\u0131 Zeki Yavru ise &#8220;Fenerbah\u00e7e ile Galatasaray ortas\u0131ndaki \u015fampiyonluk yar\u0131\u015f\u0131 bizi ilgilendirmiyor. Biz her ma\u00e7a t\u0131pk\u0131 konsantrasyonla \u00e7\u0131k\u0131yoruz. \u00c7ok bedelli 1 puan ald\u0131k. Rakiplerimiz de puan kaybetti zira. Bizim i\u00e7in k\u0131ymetli. Lakin biz \u0131srarla T\u00fcrk hakemlerimize sahip \u00e7\u0131kmak isterken kimi \u015feylerde art\u0131k bizim de buram\u0131za geliyor. L\u00fctfen biraz daha dikkat edelim. Bilhassa b\u00fcy\u00fck ma\u00e7larda. \u0130nsanlar\u0131 so\u011futuyor. G\u00fczel olmuyor. Rica ediyorum hakemlerden biraz daha dikkat.&#8221; a\u00e7\u0131klamas\u0131n\u0131 yapt\u0131.<\/p>\n<\/div>\n<p><\/p>\n","protected":false},"excerpt":{"rendered":"<p>Samsunsporlu Yunus Emre, Fenerbah\u00e7e ma\u00e7\u0131 sonras\u0131 &#8220;De\u011ferli liderimiz Y\u00fcksel Y\u0131ld\u0131r\u0131m&#8217;a hak etmedi\u011fi halde \u00e7ok a\u011f\u0131r k\u00fcf\u00fcrler edildi. Ald\u0131\u011f\u0131m\u0131z 1 puan\u0131 ona arma\u011fan ediyorum.&#8221; dedi.<\/p>\n","protected":false},"author":1,"featured_media":30897,"comment_status":"open","ping_status":"open","sticky":false,"template":"","format":"standard","meta":{"footnotes":""},"categories":[25],"tags":[],"class_list":["post-30896","post","type-post","status-publish","format-standard","has-post-thumbnail","hentry","category-futbol"],"_links":{"self":[{"href":"https:\/\/haberbesiktas.tr\/index.php?rest_route=\/wp\/v2\/posts\/30896","targetHints":{"allow":["GET"]}}],"collection":[{"href":"https:\/\/haberbesiktas.tr\/index.php?rest_route=\/wp\/v2\/posts"}],"about":[{"href":"https:\/\/haberbesiktas.tr\/index.php?rest_route=\/wp\/v2\/types\/post"}],"author":[{"embeddable":true,"href":"https:\/\/haberbesiktas.tr\/index.php?rest_route=\/wp\/v2\/users\/1"}],"replies":[{"embeddable":true,"href":"https:\/\/haberbesiktas.tr\/index.php?rest_route=%2Fwp%2Fv2%2Fcomments&post=30896"}],"version-history":[{"count":1,"href":"https:\/\/haberbesiktas.tr\/index.php?rest_route=\/wp\/v2\/posts\/30896\/revisions"}],"predecessor-version":[{"id":30898,"href":"https:\/\/haberbesiktas.tr\/index.php?rest_route=\/wp\/v2\/posts\/30896\/revisions\/30898"}],"wp:featuredmedia":[{"embeddable":true,"href":"https:\/\/haberbesiktas.tr\/index.php?rest_route=\/wp\/v2\/media\/30897"}],"wp:attachment":[{"href":"https:\/\/haberbesiktas.tr\/index.php?rest_route=%2Fwp%2Fv2%2Fmedia&parent=30896"}],"wp:term":[{"taxonomy":"category","embeddable":true,"href":"https:\/\/haberbesiktas.tr\/index.php?rest_route=%2Fwp%2Fv2%2Fcategories&post=30896"},{"taxonomy":"post_tag","embeddable":true,"href":"https:\/\/haberbesiktas.tr\/index.php?rest_route=%2Fwp%2Fv2%2Ftags&post=30896"}],"curies":[{"name":"wp","href":"https:\/\/api.w.org\/{rel}","templated":true}]}}