{"id":30941,"date":"2025-05-16T10:24:19","date_gmt":"2025-05-16T10:24:19","guid":{"rendered":"https:\/\/haberbesiktas.tr\/?p=30941"},"modified":"2025-05-16T10:24:19","modified_gmt":"2025-05-16T10:24:19","slug":"serdal-adalidan-acil-zirve","status":"publish","type":"post","link":"https:\/\/haberbesiktas.tr\/?p=30941","title":{"rendered":"Serdal Adal\u0131&#8217;dan acil zirve!"},"content":{"rendered":"<div>Konyaspor hezimeti sonras\u0131 Be\u015fikta\u015f&#8217;ta hareketli saatler ya\u015fanacak.<\/p>\n<p> Siyah-Beyazl\u0131lar&#8217;da idare 9 ki\u015fi kalan Konyaspor&#8217;a kar\u015f\u0131 ma\u011flup olunmas\u0131n\u0131 asla kabul etmiyor. Ayr\u0131ca Be\u015fikta\u015f Ba\u015fkan\u0131 Serdal Adal\u0131&#8217;n\u0131n da bu durumu skandal olarak yorumlad\u0131\u011f\u0131 gelen bilgiler ortas\u0131nda.<\/p>\n<p> <strong>PARA CEZALARI VE TAKIM DI\u015eI KARARI<\/strong><\/p>\n<p> Takvim&#8217;de yer alan habere nazaran, siyah beyazl\u0131 kul\u00fcb\u00fcn liderinin bu do\u011frultuda teknik y\u00f6netici Ole Gunnar Solskjaer ve Kaptan Mert G\u00fcnok ile \u00f6n\u00fcm\u00fczdeki g\u00fcnlerde bir tepe ger\u00e7ekle\u015ftirece\u011fi \u00f6\u011frenildi. Ger\u00e7ekle\u015fecek bu dorukta para cezalar\u0131 ve tak\u0131m d\u0131\u015f\u0131 b\u0131rakma \u00fczere birtak\u0131m yapt\u0131r\u0131mlar\u0131n olaca\u011f\u0131 belirtiliyor.\u00a0<\/p>\n<p> <strong>SORUNLU B\u00d6LGELERE NE\u015eTER VURULACAK<\/strong><\/p>\n<p> Gelecek d\u00f6nem i\u00e7in \u015fampiyonluk yar\u0131\u015f\u0131na ortak olmak isteyen siyah beyazl\u0131larda, \u00e7ok g\u00fc\u00e7l\u00fc grup kurulmas\u0131 g\u00f6r\u00fc\u015f\u00fc hakim. Bu y\u00fczden Adal\u0131 da vakit kaybetmeden problemli b\u00f6lgelere ne\u015fteri vurmak istiyor. Konyaspor hezimeti sonras\u0131 Be\u015fikta\u015f&#8217;ta hareketli saatler ya\u015fanacak.<\/p>\n<p> <strong>TARAFTAR \u0130SYANDA\u00a0<\/strong><\/p>\n<p> Siyah-Beyazl\u0131 y\u00f6neticilerin de lidere bu bahiste tam takviye verdi\u011fi s\u00f6z ediliyor. Be\u015fikta\u015f&#8217;\u0131n S\u00fcper Lig tarihinde birinci kere rakibinin 2 ki\u015fi eksik tamamlad\u0131\u011f\u0131 bir ma\u00e7ta ma\u011flup olmas\u0131 taraftarlar\u0131n b\u00fcy\u00fck yans\u0131s\u0131na neden olmu\u015ftu. Siyah- Beyazl\u0131 taraftarlar bu hezimet sonras\u0131 gruplar\u0131n\u0131 toplumsal medyada adeta tenkit ya\u011fmuruna tutmu\u015ftu.\u00a0<\/p>\n<\/div>\n<p><\/p>\n","protected":false},"excerpt":{"rendered":"<p>Be\u015fikta\u015f&#8217;ta 9 ki\u015fi kalan Konyaspor&#8217;a yenilgi b\u00fcy\u00fck krize yol a\u00e7arken, idare sert yapt\u0131r\u0131mlar\u0131 g\u00fcndeme ald\u0131.<\/p>\n","protected":false},"author":1,"featured_media":30942,"comment_status":"open","ping_status":"open","sticky":false,"template":"","format":"standard","meta":{"footnotes":""},"categories":[25],"tags":[2558,1575],"class_list":["post-30941","post","type-post","status-publish","format-standard","has-post-thumbnail","hentry","category-futbol","tag-beyazli","tag-siyah"],"_links":{"self":[{"href":"https:\/\/haberbesiktas.tr\/index.php?rest_route=\/wp\/v2\/posts\/30941","targetHints":{"allow":["GET"]}}],"collection":[{"href":"https:\/\/haberbesiktas.tr\/index.php?rest_route=\/wp\/v2\/posts"}],"about":[{"href":"https:\/\/haberbesiktas.tr\/index.php?rest_route=\/wp\/v2\/types\/post"}],"author":[{"embeddable":true,"href":"https:\/\/haberbesiktas.tr\/index.php?rest_route=\/wp\/v2\/users\/1"}],"replies":[{"embeddable":true,"href":"https:\/\/haberbesiktas.tr\/index.php?rest_route=%2Fwp%2Fv2%2Fcomments&post=30941"}],"version-history":[{"count":1,"href":"https:\/\/haberbesiktas.tr\/index.php?rest_route=\/wp\/v2\/posts\/30941\/revisions"}],"predecessor-version":[{"id":30943,"href":"https:\/\/haberbesiktas.tr\/index.php?rest_route=\/wp\/v2\/posts\/30941\/revisions\/30943"}],"wp:featuredmedia":[{"embeddable":true,"href":"https:\/\/haberbesiktas.tr\/index.php?rest_route=\/wp\/v2\/media\/30942"}],"wp:attachment":[{"href":"https:\/\/haberbesiktas.tr\/index.php?rest_route=%2Fwp%2Fv2%2Fmedia&parent=30941"}],"wp:term":[{"taxonomy":"category","embeddable":true,"href":"https:\/\/haberbesiktas.tr\/index.php?rest_route=%2Fwp%2Fv2%2Fcategories&post=30941"},{"taxonomy":"post_tag","embeddable":true,"href":"https:\/\/haberbesiktas.tr\/index.php?rest_route=%2Fwp%2Fv2%2Ftags&post=30941"}],"curies":[{"name":"wp","href":"https:\/\/api.w.org\/{rel}","templated":true}]}}