{"id":30944,"date":"2025-05-16T10:36:20","date_gmt":"2025-05-16T10:36:20","guid":{"rendered":"https:\/\/haberbesiktas.tr\/?p=30944"},"modified":"2025-05-16T10:36:20","modified_gmt":"2025-05-16T10:36:20","slug":"elan-ricardo-besiktasa-hala-adapte-olamadi","status":"publish","type":"post","link":"https:\/\/haberbesiktas.tr\/?p=30944","title":{"rendered":"Elan Ricardo Be\u015fikta\u015f&#8217;a hala adapte olamad\u0131"},"content":{"rendered":"<div>Be\u015fikta\u015f&#8217;\u0131n devre ortas\u0131nda Equidad&#8217;dan 1 milyon 940 bin euro bonservis bedeliyle tak\u0131m\u0131na katt\u0131\u011f\u0131 Elan Ricardo, imza atmas\u0131n\u0131n \u00fczerinden 35 g\u00fcn ge\u00e7mesine kar\u015f\u0131n hala \u0130stanbul&#8217;a ve Be\u015fikta\u015f&#8217;a adapte olamad\u0131. <\/p>\n<p><strong>DERB\u0130DE YOK<\/strong><\/p>\n<p>Konya ma\u00e7\u0131nda da forma giyemeyen 21 ya\u015f\u0131ndaki oyuncu, ay sonundaki Galatasaray derbisinde de oynayamayacak.<\/p>\n<p><strong>KAR\u0130YER \u0130STAT\u0130ST\u0130KLER\u0130<\/strong><\/p>\n<p>Kariyerinde 49 ma\u00e7a \u00e7\u0131kan gen\u00e7 orta saha, 9 gol 3 asistlik performans sergiledi.\u00a0<\/p><\/div>\n<p><\/p>\n","protected":false},"excerpt":{"rendered":"<p>D\u00f6nemin devre ortas\u0131nda Be\u015fikta\u015f&#8217;a transfer olan 21 ya\u015f\u0131ndaki Kolombiyal\u0131 futbolcu Elan Ricardo, yeni ekibinde hala alana \u00e7\u0131kamad\u0131.<\/p>\n","protected":false},"author":1,"featured_media":30945,"comment_status":"open","ping_status":"open","sticky":false,"template":"","format":"standard","meta":{"footnotes":""},"categories":[25],"tags":[],"class_list":["post-30944","post","type-post","status-publish","format-standard","has-post-thumbnail","hentry","category-futbol"],"_links":{"self":[{"href":"https:\/\/haberbesiktas.tr\/index.php?rest_route=\/wp\/v2\/posts\/30944","targetHints":{"allow":["GET"]}}],"collection":[{"href":"https:\/\/haberbesiktas.tr\/index.php?rest_route=\/wp\/v2\/posts"}],"about":[{"href":"https:\/\/haberbesiktas.tr\/index.php?rest_route=\/wp\/v2\/types\/post"}],"author":[{"embeddable":true,"href":"https:\/\/haberbesiktas.tr\/index.php?rest_route=\/wp\/v2\/users\/1"}],"replies":[{"embeddable":true,"href":"https:\/\/haberbesiktas.tr\/index.php?rest_route=%2Fwp%2Fv2%2Fcomments&post=30944"}],"version-history":[{"count":1,"href":"https:\/\/haberbesiktas.tr\/index.php?rest_route=\/wp\/v2\/posts\/30944\/revisions"}],"predecessor-version":[{"id":30946,"href":"https:\/\/haberbesiktas.tr\/index.php?rest_route=\/wp\/v2\/posts\/30944\/revisions\/30946"}],"wp:featuredmedia":[{"embeddable":true,"href":"https:\/\/haberbesiktas.tr\/index.php?rest_route=\/wp\/v2\/media\/30945"}],"wp:attachment":[{"href":"https:\/\/haberbesiktas.tr\/index.php?rest_route=%2Fwp%2Fv2%2Fmedia&parent=30944"}],"wp:term":[{"taxonomy":"category","embeddable":true,"href":"https:\/\/haberbesiktas.tr\/index.php?rest_route=%2Fwp%2Fv2%2Fcategories&post=30944"},{"taxonomy":"post_tag","embeddable":true,"href":"https:\/\/haberbesiktas.tr\/index.php?rest_route=%2Fwp%2Fv2%2Ftags&post=30944"}],"curies":[{"name":"wp","href":"https:\/\/api.w.org\/{rel}","templated":true}]}}