{"id":30947,"date":"2025-05-16T10:48:17","date_gmt":"2025-05-16T10:48:17","guid":{"rendered":"https:\/\/haberbesiktas.tr\/?p=30947"},"modified":"2025-05-16T10:48:17","modified_gmt":"2025-05-16T10:48:17","slug":"engin-verel-mourinhoyu-ilk-defa-gergin-gordum","status":"publish","type":"post","link":"https:\/\/haberbesiktas.tr\/?p=30947","title":{"rendered":"Engin Verel: &#8220;Mourinho&#8217;yu ilk defa gergin g\u00f6rd\u00fcm&#8221;"},"content":{"rendered":"<div>\n<p>Ak\u015fam spor m\u00fcellifi Engin Verel, S\u00fcper Lig&#8217;de oynanan Fenerbah\u00e7e &#8211; Samsunspor m\u00fcsabakas\u0131n\u0131 k\u00f6\u015fesinde yorumlad\u0131.\u00a0<\/p>\n<p> <em><strong>\u0130\u015fte Engin Verel&#8217;in o yaz\u0131s\u0131;<\/strong><\/em><\/p>\n<p> <strong>&#8220;MOURINHO&#8217;YU B\u0130R\u0130NC\u0130 SEFER BU KADAR GERG\u0130N G\u00d6RD\u00dcM&#8221;<\/strong><\/p>\n<p> &#8220;Mourinho&#8217;yu tahminen de bu d\u00f6nem birinci sefer bu kadar gergin g\u00f6rd\u00fcm. Zira kaybedilecek 2 puan\u0131n bile her \u015feyin sonu manas\u0131na gelece\u011fini o da biliyor. Bu bask\u0131n\u0131n, oyuncular\u0131n ayaklar\u0131n\u0131 titretti\u011fi net bir bi\u00e7imde hissediliyordu. \u0130kinci yar\u0131da gol geciktik\u00e7e bu bask\u0131 daha da artt\u0131.&#8221;\u00a0<\/p>\n<p> <strong>&#8220;FENERBAH\u00c7E&#8217;DE PAKLIK \u015eART&#8221;<\/strong><\/p>\n<p> &#8220;Son 10 dakikada Kad\u0131k\u00f6y adeta saatli bomba \u00fczereydi. Pimi \u00e7eken ise uzatmada, kalenin taban\u0131ndan topu d\u0131\u015far\u0131 atan Dzeko oldu. Rangers&#8217;ta b\u0131\u00e7ak yaras\u0131 yiyen Fenerbah\u00e7e, Samsunspor&#8217;dan da han\u00e7er yaras\u0131 ald\u0131. Bu yaralar\u0131 sarmak g\u00fc\u00e7 olacak. Bu ma\u00e7 yaln\u0131zca \u015fampiyonlu\u011fa veda ma\u00e7\u0131 de\u011fildi; Fenerbah\u00e7e&#8217;ye yak\u0131\u015fmayan bir\u00e7ok futbolcunun da \u00e7ubukluya veda ma\u00e7\u0131yd\u0131 bence&#8230; Yar\u0131nlar i\u00e7in acil bir pakl\u0131k kaide&#8230;&#8221;\u00a0<\/p>\n<div>\u00a0<\/div>\n<\/div>\n<p><\/p>\n","protected":false},"excerpt":{"rendered":"<p>Ak\u015fam spor m\u00fcellifi Engin Verel, S\u00fcper Lig&#8217;de oynanan Fenerbah\u00e7e&#8217;nin Samsunspor ile 0-0 berabere kald\u0131\u011f\u0131 ma\u00e7\u0131 k\u0131ymetlendirdi.<\/p>\n","protected":false},"author":1,"featured_media":30948,"comment_status":"open","ping_status":"open","sticky":false,"template":"","format":"standard","meta":{"footnotes":""},"categories":[25],"tags":[],"class_list":["post-30947","post","type-post","status-publish","format-standard","has-post-thumbnail","hentry","category-futbol"],"_links":{"self":[{"href":"https:\/\/haberbesiktas.tr\/index.php?rest_route=\/wp\/v2\/posts\/30947","targetHints":{"allow":["GET"]}}],"collection":[{"href":"https:\/\/haberbesiktas.tr\/index.php?rest_route=\/wp\/v2\/posts"}],"about":[{"href":"https:\/\/haberbesiktas.tr\/index.php?rest_route=\/wp\/v2\/types\/post"}],"author":[{"embeddable":true,"href":"https:\/\/haberbesiktas.tr\/index.php?rest_route=\/wp\/v2\/users\/1"}],"replies":[{"embeddable":true,"href":"https:\/\/haberbesiktas.tr\/index.php?rest_route=%2Fwp%2Fv2%2Fcomments&post=30947"}],"version-history":[{"count":1,"href":"https:\/\/haberbesiktas.tr\/index.php?rest_route=\/wp\/v2\/posts\/30947\/revisions"}],"predecessor-version":[{"id":30949,"href":"https:\/\/haberbesiktas.tr\/index.php?rest_route=\/wp\/v2\/posts\/30947\/revisions\/30949"}],"wp:featuredmedia":[{"embeddable":true,"href":"https:\/\/haberbesiktas.tr\/index.php?rest_route=\/wp\/v2\/media\/30948"}],"wp:attachment":[{"href":"https:\/\/haberbesiktas.tr\/index.php?rest_route=%2Fwp%2Fv2%2Fmedia&parent=30947"}],"wp:term":[{"taxonomy":"category","embeddable":true,"href":"https:\/\/haberbesiktas.tr\/index.php?rest_route=%2Fwp%2Fv2%2Fcategories&post=30947"},{"taxonomy":"post_tag","embeddable":true,"href":"https:\/\/haberbesiktas.tr\/index.php?rest_route=%2Fwp%2Fv2%2Ftags&post=30947"}],"curies":[{"name":"wp","href":"https:\/\/api.w.org\/{rel}","templated":true}]}}