{"id":31094,"date":"2025-05-16T20:36:12","date_gmt":"2025-05-16T20:36:12","guid":{"rendered":"https:\/\/haberbesiktas.tr\/?p=31094"},"modified":"2025-05-16T20:36:12","modified_gmt":"2025-05-16T20:36:12","slug":"milli-boksor-tarik-ahmet-celebinin-olimpiyat-hayali","status":"publish","type":"post","link":"https:\/\/haberbesiktas.tr\/?p=31094","title":{"rendered":"Milli boks\u00f6r Tar\u0131k Ahmet \u00c7elebi&#8217;nin olimpiyat hayali"},"content":{"rendered":"<p>Milli boks\u00f6r Tar\u0131k Ahmet \u00c7elebi, \u00f6z itimat meseleleri nedeniyle ba\u015flad\u0131\u011f\u0131 boksta olimpiyat gayesiyle \u00e7al\u0131\u015fmalar\u0131n\u0131 s\u00fcrd\u00fcr\u00fcyor.<\/p>\n<p> \u00d6z itimat s\u0131k\u0131nt\u0131lar\u0131 nedeniyle 9 ya\u015f\u0131nda boksa ba\u015flayan Tar\u0131k Ahmet \u00c7elebi, vakit i\u00e7erisinde bu meselesini yendi.<\/p>\n<p> Mesle\u011finde 4 T\u00fcrkiye \u015fampiyonlu\u011fu bulunan 18 ya\u015f\u0131ndaki Tar\u0131k Ahmet&#8217;in hayalini Los Angeles 2028 Olimpiyatlar\u0131 s\u00fcsl\u00fcyor.\u00a0<\/p>\n<p> \u00c7al\u0131\u015fmalar\u0131n\u0131 ulusal ekip ile birlikte Kastamonu Kad\u0131da\u011f\u0131 Boks Kamp E\u011fitim Merkezi&#8217;nde s\u00fcrd\u00fcren Tar\u0131k Ahmet, olimpiyatlarda erkeklerde birinci alt\u0131n madalyay\u0131 kazanan T\u00fcrk boks\u00f6r olmak i\u00e7in yumruklar\u0131n\u0131 sall\u0131yor.\u00a0<\/p>\n<p> Ulusal boks\u00f6r Tar\u0131k Ahmet \u00c7elebi, AA muhabirine yapt\u0131\u011f\u0131 a\u00e7\u0131klamada, 67 kiloda ringe \u00e7\u0131kt\u0131\u011f\u0131n\u0131 s\u00f6yledi.<\/p>\n<p> \u00c7ocuklu\u011funda \u00f6z inan\u00e7 s\u0131k\u0131nt\u0131lar\u0131 ya\u015fad\u0131\u011f\u0131n\u0131 s\u00f6z eden Tar\u0131k Ahmet, <strong>&#8220;Babam bu durumdan rahats\u0131z oldu. Konutumuzun yan\u0131nda bir boks salonu vard\u0131. O bi\u00e7imde boksa ba\u015flad\u0131m. 4 T\u00fcrkiye \u015fampiyonlu\u011fum, bir T\u00fcrkiye ikincili\u011fim var. \u00dclkemi iki defa Avrupa&#8217;da temsil ettim.&#8221;<\/strong> dedi.<\/p>\n<p> Boksa ba\u015flad\u0131ktan sonra hayat\u0131nda olumlu manada bir\u00e7ok de\u011fi\u015fiklik oldu\u011funu aktaran Tar\u0131k Ahmet, \u015funlar\u0131 kaydetti:<\/p>\n<p> <strong>&#8220;Okulumda ve toplumsal hayat\u0131mda bana \u00e7ok b\u00fcy\u00fck avantajlar\u0131 var. T\u00fcm \u00e7ocuklar, gen\u00e7ler boks olmasa bile en az\u0131ndan bir spora gitsin, fiziklerini de\u011fi\u015ftirsin, \u00f6z inan\u00e7lar\u0131n\u0131 y\u00fckseltsin. Emin olsunlar ki \u00f6z itimat y\u00fckseltiyor. Fizik\u00ee olarak da \u00e7ok \u00e2l\u00e2 hale getiriyor.&#8221;\u00a0<\/strong><\/p>\n<p> Kastamonu&#8217;daki kamp\u0131n \u00e7ok verimli ge\u00e7ti\u011fini anlatan Tar\u0131k Ahmet, <strong>&#8220;Hedefim her atletin oldu\u011fu \u00fczere \u00fclkemizi olimpiyatlarda temsil etmek, alt\u0131n madalya kazanmak. Olimpiyatlarda erkeklerde \u00fclkemizin hi\u00e7 alt\u0131n madalyas\u0131 yok. \u0130n\u015fallah \u00fclkemize alt\u0131n madalya getirmek istiyorum. Burada \u00e7al\u0131\u015fmalar\u0131m\u0131z \u00e7ok ho\u015f gidiyor. Federasyon liderimize bize verdi\u011fi imkanlar i\u00e7in te\u015fekk\u00fcr ederim. \u00c7ok ho\u015f imkanlar\u0131m\u0131z var. \u00c7ok ho\u015f \u00e7al\u0131\u015f\u0131yoruz. Ba\u015far\u0131l\u0131 olaca\u011f\u0131m\u0131za inan\u0131yorum.&#8221;<\/strong> tabirlerini kulland\u0131.\u00a0<\/p>\n<p> \u00c7anakkale 18 Mart \u00dcniversitesi Spor Bilimleri Fak\u00fcltesi Spor Y\u00f6neticili\u011fi K\u0131sm\u0131 birinci s\u0131n\u0131fta e\u011fitim g\u00f6rd\u00fc\u011f\u00fcn\u00fc belirten Tar\u0131k Ahmet, e\u011fitimini ve boksu t\u0131pk\u0131 anda s\u00fcrd\u00fcrmek istedi\u011fini ve ikisinde de ba\u015far\u0131y\u0131 yakalamay\u0131 hedefledi\u011fini lisana getirdi.<\/p>\n","protected":false},"excerpt":{"rendered":"<p>\u00d6z itimat meseleleri nedeniyle ba\u015flad\u0131\u011f\u0131 boksta 4 T\u00fcrkiye \u015fampiyonlu\u011fu kazanan ulusal boks\u00f6r Tar\u0131k Ahmet \u00c7elebi, Los Angeles 2028&#8217;de alt\u0131n madalya hedefliyor.<\/p>\n","protected":false},"author":1,"featured_media":31095,"comment_status":"open","ping_status":"open","sticky":false,"template":"","format":"standard","meta":{"footnotes":""},"categories":[27],"tags":[1562,465,2563,2562],"class_list":["post-31094","post","type-post","status-publish","format-standard","has-post-thumbnail","hentry","category-guncel-haberler","tag-boks","tag-olimpiyat","tag-oz-guven","tag-tarik-ahmet"],"_links":{"self":[{"href":"https:\/\/haberbesiktas.tr\/index.php?rest_route=\/wp\/v2\/posts\/31094","targetHints":{"allow":["GET"]}}],"collection":[{"href":"https:\/\/haberbesiktas.tr\/index.php?rest_route=\/wp\/v2\/posts"}],"about":[{"href":"https:\/\/haberbesiktas.tr\/index.php?rest_route=\/wp\/v2\/types\/post"}],"author":[{"embeddable":true,"href":"https:\/\/haberbesiktas.tr\/index.php?rest_route=\/wp\/v2\/users\/1"}],"replies":[{"embeddable":true,"href":"https:\/\/haberbesiktas.tr\/index.php?rest_route=%2Fwp%2Fv2%2Fcomments&post=31094"}],"version-history":[{"count":1,"href":"https:\/\/haberbesiktas.tr\/index.php?rest_route=\/wp\/v2\/posts\/31094\/revisions"}],"predecessor-version":[{"id":31096,"href":"https:\/\/haberbesiktas.tr\/index.php?rest_route=\/wp\/v2\/posts\/31094\/revisions\/31096"}],"wp:featuredmedia":[{"embeddable":true,"href":"https:\/\/haberbesiktas.tr\/index.php?rest_route=\/wp\/v2\/media\/31095"}],"wp:attachment":[{"href":"https:\/\/haberbesiktas.tr\/index.php?rest_route=%2Fwp%2Fv2%2Fmedia&parent=31094"}],"wp:term":[{"taxonomy":"category","embeddable":true,"href":"https:\/\/haberbesiktas.tr\/index.php?rest_route=%2Fwp%2Fv2%2Fcategories&post=31094"},{"taxonomy":"post_tag","embeddable":true,"href":"https:\/\/haberbesiktas.tr\/index.php?rest_route=%2Fwp%2Fv2%2Ftags&post=31094"}],"curies":[{"name":"wp","href":"https:\/\/api.w.org\/{rel}","templated":true}]}}