{"id":3113,"date":"2025-01-12T17:12:33","date_gmt":"2025-01-12T17:12:33","guid":{"rendered":"https:\/\/haberbesiktas.tr\/?p=3113"},"modified":"2025-01-12T17:12:33","modified_gmt":"2025-01-12T17:12:33","slug":"yurt-disi-telefonlar-acildi-mi-ne-zaman-acilacak-2025","status":"publish","type":"post","link":"https:\/\/haberbesiktas.tr\/?p=3113","title":{"rendered":"Yurt d\u0131\u015f\u0131 telefonlar a\u00e7\u0131ld\u0131 m\u0131, ne zaman a\u00e7\u0131lacak? 2025"},"content":{"rendered":"<div><span>2025 y\u0131l\u0131 prestijiyle yurtd\u0131\u015f\u0131 telefonlar\u0131n\u0131n 1 Ocak&#8217;ta otomatik olarak a\u00e7\u0131laca\u011f\u0131na dair bir alg\u0131 bulunabiliyor. Resmi a\u00e7\u0131klamalar ve BTK duyurular\u0131n\u0131 takip ederek ayg\u0131t\u0131n\u0131z\u0131n durumunu denetim etmeyi unutmay\u0131n. Kay\u0131t yapt\u0131rmayan kullan\u0131c\u0131lar\u0131n 180 g\u00fcn boyunca kay\u0131ts\u0131z kullan\u0131m hakk\u0131 bulunuyor lakin bu m\u00fcddetin akabinde ayg\u0131tlar pasif hale geliyor. Pekala, Yurtd\u0131\u015f\u0131 telefonlar ne vakit a\u00e7\u0131lacak 2025? Yurtd\u0131\u015f\u0131 telefonlar a\u00e7\u0131ld\u0131 m\u0131, IMEI kayd\u0131 s\u0131f\u0131rlanacak m\u0131?<\/span><\/p>\n<p><strong>YURTDI\u015eI TELEFONLAR A\u00c7ILDI MI, IMEI KAYDI SIFIRLANACAK MI?<\/strong><br \/><span>BTK taraf\u0131ndan al\u0131nan d\u00fczenlemeyle, yurtd\u0131\u015f\u0131ndan getirilen telefonlar\u0131n IMEI kayd\u0131 yap\u0131lmaks\u0131z\u0131n kullan\u0131m m\u00fcddeti 120 g\u00fcnden 180 g\u00fcne \u00e7\u0131kar\u0131lm\u0131\u015ft\u0131. 1 Ocak 2025 prestijiyle IMEI s\u0131f\u0131rlama s\u00fcrecinin ger\u00e7ekle\u015ftirilmesi bekleniyor. Bu s\u00fcre\u00e7le birlikte, ayg\u0131t sahipleri yeni y\u0131lda telefonlar\u0131n\u0131 yine kullanmaya ba\u015flayabilir. Fakat, ge\u00e7mi\u015f y\u0131llarda ya\u015fanan gecikmeler g\u00f6z \u00f6n\u00fcne al\u0131nd\u0131\u011f\u0131nda, bu s\u00fcrecin kesin tarihini takip etmek k\u0131ymet ta\u015f\u0131yor.<\/span><\/p>\n<p><strong>YILBA\u015eINDA IMEI KAYDI SIFIRLANIR MI?<\/strong><br \/><span>BTK&#8217;n\u0131n belirledi\u011fi d\u00fczenlemeye nazaran, yurtd\u0131\u015f\u0131ndan getirilen telefonlar\u0131n IMEI kay\u0131tlar\u0131 her y\u0131lba\u015f\u0131nda s\u0131f\u0131rlan\u0131r. 2025 y\u0131l\u0131nda da bu s\u0131f\u0131rlaman\u0131n 1 Ocak prestijiyle ger\u00e7ekle\u015ftirilmesi planlan\u0131yor.<\/span><\/p>\n<p><span>Ancak, daha evvelki y\u0131llarda s\u00fcrecin vaktinde tamamlanmad\u0131\u011f\u0131 durumlar ya\u015fand\u0131\u011f\u0131 i\u00e7in kullan\u0131c\u0131lar\u0131n akt\u00fcel bilgileri BTK&#8217;n\u0131n resmi a\u00e7\u0131klamalar\u0131ndan takip etmesi \u00f6nerilir.<\/span><\/div>\n<div>Haber ile daha fazlas\u0131na ula\u015f\u0131n:<\/div>\n<div>G\u00fcndem<\/div>\n","protected":false},"excerpt":{"rendered":"<p>Yurtd\u0131\u015f\u0131ndan al\u0131nan telefonlar\u0131n IMEI kay\u0131tlar\u0131yla ilgili d\u00fczenlemeler, 2025 y\u0131l\u0131na girilmesiyle birlikte kullan\u0131c\u0131lar\u0131n g\u00fcndeminde. Her y\u0131l yenilenen yasal kullan\u0131m m\u00fcddetleri kapsam\u0131nda, yurtd\u0131\u015f\u0131ndan gelen ayg\u0131tlar\u0131n IMEI kay\u0131tlar\u0131n\u0131n s\u0131f\u0131rlan\u0131p s\u0131f\u0131rlanmayaca\u011f\u0131 ise merak konusu. Pekala, Yurtd\u0131\u015f\u0131 telefonlar ne vakit a\u00e7\u0131lacak 2025? Yurtd\u0131\u015f\u0131 telefonlar a\u00e7\u0131ld\u0131 m\u0131, IMEI kayd\u0131 s\u0131f\u0131rlanacak m\u0131?<\/p>\n","protected":false},"author":1,"featured_media":3114,"comment_status":"open","ping_status":"open","sticky":false,"template":"","format":"standard","meta":{"footnotes":""},"categories":[10],"tags":[420,419,421],"class_list":["post-3113","post","type-post","status-publish","format-standard","has-post-thumbnail","hentry","category-basketbol","tag-imei","tag-telefonlar","tag-yurtdisi"],"_links":{"self":[{"href":"https:\/\/haberbesiktas.tr\/index.php?rest_route=\/wp\/v2\/posts\/3113","targetHints":{"allow":["GET"]}}],"collection":[{"href":"https:\/\/haberbesiktas.tr\/index.php?rest_route=\/wp\/v2\/posts"}],"about":[{"href":"https:\/\/haberbesiktas.tr\/index.php?rest_route=\/wp\/v2\/types\/post"}],"author":[{"embeddable":true,"href":"https:\/\/haberbesiktas.tr\/index.php?rest_route=\/wp\/v2\/users\/1"}],"replies":[{"embeddable":true,"href":"https:\/\/haberbesiktas.tr\/index.php?rest_route=%2Fwp%2Fv2%2Fcomments&post=3113"}],"version-history":[{"count":1,"href":"https:\/\/haberbesiktas.tr\/index.php?rest_route=\/wp\/v2\/posts\/3113\/revisions"}],"predecessor-version":[{"id":3115,"href":"https:\/\/haberbesiktas.tr\/index.php?rest_route=\/wp\/v2\/posts\/3113\/revisions\/3115"}],"wp:featuredmedia":[{"embeddable":true,"href":"https:\/\/haberbesiktas.tr\/index.php?rest_route=\/wp\/v2\/media\/3114"}],"wp:attachment":[{"href":"https:\/\/haberbesiktas.tr\/index.php?rest_route=%2Fwp%2Fv2%2Fmedia&parent=3113"}],"wp:term":[{"taxonomy":"category","embeddable":true,"href":"https:\/\/haberbesiktas.tr\/index.php?rest_route=%2Fwp%2Fv2%2Fcategories&post=3113"},{"taxonomy":"post_tag","embeddable":true,"href":"https:\/\/haberbesiktas.tr\/index.php?rest_route=%2Fwp%2Fv2%2Ftags&post=3113"}],"curies":[{"name":"wp","href":"https:\/\/api.w.org\/{rel}","templated":true}]}}