{"id":31178,"date":"2025-05-17T02:12:15","date_gmt":"2025-05-17T02:12:15","guid":{"rendered":"https:\/\/haberbesiktas.tr\/?p=31178"},"modified":"2025-05-17T02:12:15","modified_gmt":"2025-05-17T02:12:15","slug":"elan-ricardo-milli-arayi-degerlendirecek","status":"publish","type":"post","link":"https:\/\/haberbesiktas.tr\/?p=31178","title":{"rendered":"Elan Ricardo, milli aray\u0131 de\u011ferlendirecek!"},"content":{"rendered":"<div>Be\u015fikta\u015f&#8217;\u0131n yeni transferlerinden Elan Ricardo \u015fimdi m\u00fcddet bulamad\u0131. Orta transfer devrinde Kolombiya&#8217;n\u0131n La Equidad kul\u00fcb\u00fcnden al\u0131nan gen\u00e7 orta saha oyuncusu adaptasyon s\u00fcrecini atlamad\u0131.<\/p>\n<p> \u0130stanbul&#8217;a geldikten sonra 2 kere gribal enfeksiyon ge\u00e7iren Elan Ricardo, bu s\u00fcre\u00e7te fizik\u00ee manada geriledi.<\/p>\n<p> Trendyol S\u00fcper Lig&#8217;de yaln\u0131zca \u0130kas Ey\u00fcpspor ma\u00e7\u0131 tak\u0131m\u0131nda yer alan Kolombiyal\u0131 oyuncu, Ziraat T\u00fcrkiye Kupas\u0131&#8217;nda oynanan Onvo Antalyaspor m\u00fcsabakas\u0131nda da tak\u0131mda kendine yer buldu. Ama Ole Gunnar Solskjaer, Ricardo&#8217;ya bu 2 ma\u00e7ta da baht vermedi.<\/p>\n<p> Elan Ricardo, son oynanan T\u00dcMOSAN Konyaspor m\u00fcsabakas\u0131nda da tak\u0131ma giremedi. Gen\u00e7 oyuncu hakk\u0131nda konu\u015fan Solskjaer, <strong>&#8220;Elan adaptasyon s\u00fcrecinde. \u00c7ok yetenekli bir oyuncu. Yeni bir \u00fclkeye geldi. Gelecekte daha fazla alanda g\u00f6rece\u011fiz. \u0130stenilen d\u00fczeye gelmesi i\u00e7in daha \u00e7ok \u00e7al\u0131\u015fmak zorunda&#8221;<\/strong> s\u00f6zlerini kulland\u0131.<\/p>\n<p> Elan Ricardo&#8217;nun, ulusal ma\u00e7lar nedeniyle lige verilen ortay\u0131 g\u00fczel k\u0131ymetlendirmek istedi\u011fi s\u00f6z edildi.<\/p>\n<p> Gen\u00e7 futbolcunun, bu m\u00fcddette ekstra \u00e7al\u0131\u015farak fizik\u00ee olarak kendisini haz\u0131rlamay\u0131 ama\u00e7lad\u0131\u011f\u0131 \u00f6\u011frenildi.<\/p>\n<\/div>\n<p><\/p>\n","protected":false},"excerpt":{"rendered":"<p>Be\u015fikta\u015f&#8217;a devre ortas\u0131nda gelen Elan Ricardo, \u015fimdi forma baht\u0131 bulamad\u0131\u011f\u0131 i\u00e7in ulusal ortada kendini haz\u0131r hale getirmek istiyor.<\/p>\n","protected":false},"author":1,"featured_media":31179,"comment_status":"open","ping_status":"open","sticky":false,"template":"","format":"standard","meta":{"footnotes":""},"categories":[25],"tags":[1804,2571,677],"class_list":["post-31178","post","type-post","status-publish","format-standard","has-post-thumbnail","hentry","category-futbol","tag-elan","tag-ricardo","tag-sure"],"_links":{"self":[{"href":"https:\/\/haberbesiktas.tr\/index.php?rest_route=\/wp\/v2\/posts\/31178","targetHints":{"allow":["GET"]}}],"collection":[{"href":"https:\/\/haberbesiktas.tr\/index.php?rest_route=\/wp\/v2\/posts"}],"about":[{"href":"https:\/\/haberbesiktas.tr\/index.php?rest_route=\/wp\/v2\/types\/post"}],"author":[{"embeddable":true,"href":"https:\/\/haberbesiktas.tr\/index.php?rest_route=\/wp\/v2\/users\/1"}],"replies":[{"embeddable":true,"href":"https:\/\/haberbesiktas.tr\/index.php?rest_route=%2Fwp%2Fv2%2Fcomments&post=31178"}],"version-history":[{"count":1,"href":"https:\/\/haberbesiktas.tr\/index.php?rest_route=\/wp\/v2\/posts\/31178\/revisions"}],"predecessor-version":[{"id":31180,"href":"https:\/\/haberbesiktas.tr\/index.php?rest_route=\/wp\/v2\/posts\/31178\/revisions\/31180"}],"wp:featuredmedia":[{"embeddable":true,"href":"https:\/\/haberbesiktas.tr\/index.php?rest_route=\/wp\/v2\/media\/31179"}],"wp:attachment":[{"href":"https:\/\/haberbesiktas.tr\/index.php?rest_route=%2Fwp%2Fv2%2Fmedia&parent=31178"}],"wp:term":[{"taxonomy":"category","embeddable":true,"href":"https:\/\/haberbesiktas.tr\/index.php?rest_route=%2Fwp%2Fv2%2Fcategories&post=31178"},{"taxonomy":"post_tag","embeddable":true,"href":"https:\/\/haberbesiktas.tr\/index.php?rest_route=%2Fwp%2Fv2%2Ftags&post=31178"}],"curies":[{"name":"wp","href":"https:\/\/api.w.org\/{rel}","templated":true}]}}