{"id":31184,"date":"2025-05-17T02:36:16","date_gmt":"2025-05-17T02:36:16","guid":{"rendered":"https:\/\/haberbesiktas.tr\/?p=31184"},"modified":"2025-05-17T02:36:16","modified_gmt":"2025-05-17T02:36:16","slug":"ismail-kartal-iranda-bana-tesekkur-ediyorlar","status":"publish","type":"post","link":"https:\/\/haberbesiktas.tr\/?p=31184","title":{"rendered":"\u0130smail Kartal: &#8220;\u0130ran&#8217;da bana te\u015fekk\u00fcr ediyorlar&#8221;"},"content":{"rendered":"<div>\n<div>\n<p>\u0130ran Ligi gruplar\u0131ndan Persepolis&#8217;in Teknik Y\u00f6neticisi \u0130smail Kartal, TRT Spor&#8217;a \u00f6zel a\u00e7\u0131klamalarda bulundu.<\/p>\n<p> \u0130ran Ligi&#8217;nin d\u00fczeyini ve Persepolis&#8217;te kar\u015f\u0131la\u015ft\u0131\u011f\u0131 zorluklar\u0131 pahaland\u0131ran Kartal, <strong>&#8220;\u0130ran Ligi, d\u00fczey olarak T\u00fcrkiye ile birebir seviyede olmasa da epeyce yak\u0131n. Futbol, burada daha \u00e7ok fizik g\u00fcc\u00fcne dayal\u0131 oynan\u0131yor. Misyona ba\u015flad\u0131\u011f\u0131mda \u015fiddetli bir fikst\u00fcrle kar\u015f\u0131la\u015ft\u0131m ve birebir vakitte ligin en ya\u015fl\u0131 ekibine sahiptik. Lakin ne olursa olsun, olumlu futbol oynatan bir teknik y\u00f6netici oldu\u011fumu ve Persepolis taraftar\u0131n\u0131 memnun edece\u011fimi onlara belirttim.&#8221;<\/strong> dedi.\u00a0<\/p>\n<p> <strong>&#8220;KISA M\u00dcDDETTE TARAFTARIN SEVG\u0130S\u0130N\u0130 KAZANDIM&#8221;\u00a0<\/strong><\/p>\n<p> Persepolis&#8217;in b\u00fcy\u00fckl\u00fc\u011f\u00fcn\u00fc, taraftarlar\u0131n\u0131n tutkusunu ve kul\u00fcpte ya\u015fad\u0131\u011f\u0131 tesisle\u015fme s\u0131k\u0131nt\u0131lar\u0131na de\u011finen deneyimli \u00e7al\u0131\u015ft\u0131r\u0131c\u0131, <strong>&#8220;En b\u00fcy\u00fck s\u0131k\u0131nt\u0131lar\u0131m\u0131zdan biri tesisle\u015fme. Persepolis, 40-45 milyon taraftar\u0131 olan \u00e7ok b\u00fcy\u00fck bir kul\u00fcp. Her ma\u00e7\u0131m\u0131z\u0131 70-80 bin, derbileri ise 100 bin taraftar \u00f6n\u00fcnde oynuyoruz. Tutkulu bir taraftar kitlesine sahip olmalar\u0131 beni \u00e7ok memnun ediyor. K\u0131sa m\u00fcddette hem taraftarlar\u0131n hem de medyan\u0131n sevgisini kazand\u0131\u011f\u0131m\u0131 s\u00f6yleyebilirim, zira oynatt\u0131\u011f\u0131m futboldan onlar da epeyce mutlu.&#8221;<\/strong> s\u00f6zlerini kulland\u0131.\u00a0<\/p>\n<p> <strong>&#8220;TAHRAN&#8217;A B\u0130R SEFER \u0130NMED\u0130M&#8221;\u00a0<\/strong><\/p>\n<p> Misyona ba\u015flad\u0131ktan sonra tesislerin yetersizli\u011fiyle ilgili ya\u015fad\u0131\u011f\u0131 s\u00fcreci ve bu hususta yapt\u0131\u011f\u0131 te\u015febb\u00fcsleri anlatan 63 ya\u015f\u0131ndaki teknik adam, <strong>&#8220;\u0130ki ayd\u0131r buraday\u0131m ve bu m\u00fcddet i\u00e7inde Tahran&#8217;a bir kere bile inmedim. Grubumla birlikte daima \u00e7al\u0131\u015f\u0131yoruz; otel ve tesisler ortas\u0131nda gidip geliyoruz. Lider ve y\u00f6neticilerle yapt\u0131\u011f\u0131m g\u00f6r\u00fc\u015fmelerde, mevcut tesislerin yetersiz oldu\u011funu ve saha tabanlar\u0131n\u0131n uygun olmad\u0131\u011f\u0131n\u0131 lisana getirdim. Daha \u00e2l\u00e2 ve uygun bir \u00e7al\u0131\u015fma ortam\u0131na muhta\u00e7l\u0131\u011f\u0131m\u0131z oldu\u011funu s\u00f6yledim ve onlar da bu durumu kabul ettiler. Sa\u011f olsunlar, yeni bir yer bulduk ve oraya ta\u015f\u0131nd\u0131k. Ayr\u0131yeten, bana istediklerimi \u00e7izmemi ve buna uygun bir tesis in\u015fa edeceklerini s\u00f6ylediler. B\u00f6ylelikle, kendi \u00e7al\u0131\u015fma sistemime uygun bir ortam olu\u015fturabilece\u011fim.&#8221;<\/strong> dedi.\u00a0<\/p>\n<p> <strong><em>Futbolcular\u0131n performans\u0131n\u0131 art\u0131rmak i\u00e7in tesisle\u015fmenin ehemmiyetine vurgu yapan Kartal, bu hususta kul\u00fcp idaresiyle yapt\u0131\u011f\u0131 g\u00f6r\u00fc\u015fmeleri aktard\u0131:<\/em><\/strong><\/p>\n<p> <strong>&#8220;Futbolcular, bir kul\u00fcbe gelmeden evvel birinci olarak tesislere bakarlar. Tesisler, bir kul\u00fcb\u00fcn aynas\u0131d\u0131r. Bunu lidere da tabir ettim ve bu hususta elimden geleni yapaca\u011f\u0131m\u0131, her t\u00fcrl\u00fc takviyesi verece\u011fimi s\u00f6yledim. \u0130ran&#8217;da tesisle\u015fmeye \u00e7ok s\u0131cak bak\u0131lm\u0131yor, bu hayli derin bir bahis ve burada ayr\u0131nt\u0131lar\u0131na girmek ger\u00e7ek olmaz. Lakin tekrar de tesisle\u015fme konusunda dayanak olacaklar\u0131na dair kelam verdiler.<\/strong><\/p>\n<p> <strong>Ben ise futbolcular\u0131m\u0131n motivasyonunu art\u0131rmaya odaklan\u0131yorum. Onlara daha hijyenik ve \u00e7a\u011fda\u015f bir \u00e7al\u0131\u015fma ortam\u0131 sunmal\u0131y\u0131m ki idmanlar\u0131n\u0131 en verimli bi\u00e7imde yapabilsinler. B\u00f6ylelikle alanda istediklerimi tam manas\u0131yla uygulayabilirler. Bu durum hem benim i\u00e7in hem de grup i\u00e7in b\u00fcy\u00fck de\u011fer ta\u015f\u0131yor.&#8221;<\/strong><\/p>\n<p> <strong>&#8220;BANA GEL\u0130P TE\u015eEKK\u00dcR ETT\u0130LER&#8221;\u00a0<\/strong><\/p>\n<p> &#8220;Tak\u0131m\u0131n kaptanlar\u0131 ve deneyimli oyuncular\u0131yla s\u0131k s\u0131k konu\u015fuyoruz. Hepsi bana gelip te\u015fekk\u00fcr etti. &#8216;Hocam, bizi bu t\u00fcrl\u00fc bir ortama ta\u015f\u0131d\u0131\u011f\u0131n\u0131z i\u00e7in minnettar\u0131z. Bug\u00fcne kadar hi\u00e7bir teknik y\u00f6netici bunu yapmad\u0131, lakin siz k\u0131sa m\u00fcddette bunu ba\u015fard\u0131n\u0131z. Daha d\u00fczg\u00fcn kurallarda idman yapmam\u0131z i\u00e7in b\u00fcy\u00fck gayret harc\u0131yorsunuz, bunun i\u00e7in size te\u015fekk\u00fcr ederiz.&#8217; dediler.&#8221;<\/p><\/div>\n<\/div>\n<p><\/p>\n","protected":false},"excerpt":{"rendered":"<p>\u0130ran Ligi tak\u0131mlar\u0131ndan Persepolis&#8217;in Teknik Y\u00f6neticisi \u0130smail Kartal, TRT Spor&#8217;a \u00f6zel a\u00e7\u0131klamalarda bulundu.<\/p>\n","protected":false},"author":1,"featured_media":31185,"comment_status":"open","ping_status":"open","sticky":false,"template":"","format":"standard","meta":{"footnotes":""},"categories":[25],"tags":[172,677,504,1879,2572],"class_list":["post-31184","post","type-post","status-publish","format-standard","has-post-thumbnail","hentry","category-futbol","tag-futbol","tag-sure","tag-taraftar","tag-tesisler","tag-tesislesme"],"_links":{"self":[{"href":"https:\/\/haberbesiktas.tr\/index.php?rest_route=\/wp\/v2\/posts\/31184","targetHints":{"allow":["GET"]}}],"collection":[{"href":"https:\/\/haberbesiktas.tr\/index.php?rest_route=\/wp\/v2\/posts"}],"about":[{"href":"https:\/\/haberbesiktas.tr\/index.php?rest_route=\/wp\/v2\/types\/post"}],"author":[{"embeddable":true,"href":"https:\/\/haberbesiktas.tr\/index.php?rest_route=\/wp\/v2\/users\/1"}],"replies":[{"embeddable":true,"href":"https:\/\/haberbesiktas.tr\/index.php?rest_route=%2Fwp%2Fv2%2Fcomments&post=31184"}],"version-history":[{"count":1,"href":"https:\/\/haberbesiktas.tr\/index.php?rest_route=\/wp\/v2\/posts\/31184\/revisions"}],"predecessor-version":[{"id":31186,"href":"https:\/\/haberbesiktas.tr\/index.php?rest_route=\/wp\/v2\/posts\/31184\/revisions\/31186"}],"wp:featuredmedia":[{"embeddable":true,"href":"https:\/\/haberbesiktas.tr\/index.php?rest_route=\/wp\/v2\/media\/31185"}],"wp:attachment":[{"href":"https:\/\/haberbesiktas.tr\/index.php?rest_route=%2Fwp%2Fv2%2Fmedia&parent=31184"}],"wp:term":[{"taxonomy":"category","embeddable":true,"href":"https:\/\/haberbesiktas.tr\/index.php?rest_route=%2Fwp%2Fv2%2Fcategories&post=31184"},{"taxonomy":"post_tag","embeddable":true,"href":"https:\/\/haberbesiktas.tr\/index.php?rest_route=%2Fwp%2Fv2%2Ftags&post=31184"}],"curies":[{"name":"wp","href":"https:\/\/api.w.org\/{rel}","templated":true}]}}