{"id":31187,"date":"2025-05-17T02:48:12","date_gmt":"2025-05-17T02:48:12","guid":{"rendered":"https:\/\/haberbesiktas.tr\/?p=31187"},"modified":"2025-05-17T02:48:12","modified_gmt":"2025-05-17T02:48:12","slug":"busenez-surmeneli-asil-hedefimiz-2028-olimpiyatlari","status":"publish","type":"post","link":"https:\/\/haberbesiktas.tr\/?p=31187","title":{"rendered":"Busenez S\u00fcrmeneli: &#8220;As\u0131l hedefimiz 2028 olimpiyatlar\u0131!&#8221;"},"content":{"rendered":"<p>S\u0131rbistan&#8217;da d\u00fczenlenen Bayanlar D\u00fcnya Boks \u015eampiyonas\u0131&#8217;nda grup halinde \u00fc\u00e7\u00fcnc\u00fc olan T\u00fcrkiye Bayan Boks Ulusal Grubu, yurda d\u00f6nd\u00fc.<\/p>\n<p> S\u0131rbistan&#8217;\u0131n Ni\u015f kentindeki \u015fampiyonada 1 alt\u0131n, 3 g\u00fcm\u00fc\u015f ve 2 bronz madalya kazanarak grup halinde d\u00fcnya \u00fc\u00e7\u00fcnc\u00fcs\u00fc olan ay y\u0131ld\u0131zl\u0131 boks\u00f6rler, Ni\u015f&#8217;ten karayolu ile Belgrad&#8217;a oradan da kalkan u\u00e7akla \u00f6\u011flen saatlerinde \u0130stanbul Havaliman\u0131&#8217;na geldi.<\/p>\n<p> Tertipte olimpiyat, d\u00fcnya ve Avrupa \u015fampiyonu ulusal boks\u00f6r Busenaz S\u00fcrmeneli 66 kiloda alt\u0131n, 52 kiloda Buse Naz \u00c7ak\u0131ro\u011flu, 54 kiloda Hatice Akba\u015f ve 81 kiloda B\u00fc\u015fra I\u015f\u0131ldar g\u00fcm\u00fc\u015f, 57 kiloda Esra Y\u0131ld\u0131z Kahraman ile +81 kiloda Elif G\u00fcner ise bronz madalya kazanmay\u0131 ba\u015fard\u0131.<\/p>\n<p> Atletler Busenaz S\u00fcrmeneli, Buse Naz \u00c7ak\u0131ro\u011flu, Hatice Akba\u015f, B\u00fc\u015fra I\u015f\u0131ldar ve Esra Y\u0131ld\u0131z Kahraman ile ulusal kadro antren\u00f6rleri \u0130stanbul Havaliman\u0131&#8217;nda \u00e7i\u00e7eklerle kar\u015f\u0131land\u0131.<\/p>\n<p> Ho\u015f turnuva ge\u00e7irdiklerini aktaran Buse Naz \u00c7ak\u0131ro\u011flu, &#8220;<strong>Olimpiyatlardan sonra k\u0131sa m\u00fcddet vard\u0131. Buradaki performans\u0131m\u0131z olimpiyat\u0131n kal\u0131nt\u0131lar\u0131yd\u0131. Biraz toparlan\u0131p D\u00fcnya \u015eampiyonas\u0131&#8217;nda performans g\u00f6stermeye \u00e7al\u0131\u015ft\u0131k. Ba\u015far\u0131l\u0131 da olduk. Memnun oldu\u011fumuz nokta olimpiyattaki performans\u0131m\u0131z\u0131n birebirini g\u00f6sterdik. Busenaz S\u00fcrmeneli de kendisini buldu. D\u00fcnya \u015fampiyonu olarak bizimle bir arada. Ekip olarak daha g\u00fc\u00e7l\u00fcy\u00fcz.&#8221;<\/strong> diye konu\u015ftu.<\/p>\n<p> <strong>Busenaz S\u00fcrmeneli: &#8220;As\u0131l gayemiz 2028 y\u0131l\u0131ndaki olimpiyatlar&#8221;<\/strong><\/p>\n<p> D\u00fcnya \u015fampiyonu Busenaz S\u00fcrmeneli, as\u0131l ama\u00e7lar\u0131n\u0131n 2028 Los Angeles Olimpiyat Oyunlar\u0131 oldu\u011funu yineledi.<\/p>\n<p> Ulusal boks\u00f6r, tertibin kendisi i\u00e7in de\u011ferli oldu\u011funun alt\u0131n\u0131 \u00e7izerek, &#8220;Biz k\u0131sa periyodik bir \u00e7al\u0131\u015fmayla oraya gittik. Paris&#8217;ten kederle d\u00f6nm\u00fc\u015ft\u00fcm. Buras\u0131 benim geri d\u00f6n\u00fc\u015f biletimdi. G\u00f6r\u00fcnmeyen \u00e7ok \u015fey var. Bu g\u00f6rd\u00fc\u011f\u00fcn\u00fcz bireyler benim toparlanmamda b\u00fcy\u00fck rol oynad\u0131lar. Beni motive ettiler. Onlara \u00e7ok te\u015fekk\u00fcr ederim. Bu grubu yeterli izleyin. As\u0131l gayemiz 2028 y\u0131l\u0131ndaki olimpiyatlar. Buse ile gitti\u011fimiz her yerde kolbast\u0131 oynamay\u0131 seviyoruz. Los Angeles&#8217;ta da oynamak istiyoruz.&#8221; tabirlerini kulland\u0131.<\/p>\n<p> Bronz madalya kazanan Esra Y\u0131ld\u0131z Kahraman ise grup olarak ho\u015f muvaffakiyet elde ettiklerini tabir eti.<\/p>\n<p> Esra, <strong>&#8220;\u00c7ok memnunuz. Bayan boksunu da nereye ta\u015f\u0131d\u0131\u011f\u0131m\u0131z\u0131 g\u00f6stermi\u015f olduk. Eme\u011fi ge\u00e7en herkese te\u015fekk\u00fcr ederim. Kul\u00fcb\u00fcme ve federasyonumuza da te\u015fekk\u00fcr ediyorum. Liderimize, kul\u00fcb\u00fcm\u00fcze ve federasyonumuza te\u015fekk\u00fcr ederim.&#8221;<\/strong> halinde g\u00f6r\u00fc\u015f belirtti.<\/p>\n<p> Ekip olarak uygun i\u015fler yapt\u0131klar\u0131n\u0131 anlatan Hatice Akba\u015f da <strong>&#8220;Ben de b\u00fcy\u00fcklerde birinci derecemi ald\u0131m. Ekip olarak g\u00fczeliz. Bu ekibin 2028&#8217;de de 2028 Los Angeles Olimpiyatlar\u0131&#8217;nda \u00e2l\u00e2 \u015feyler yapaca\u011f\u0131na inan\u0131yoruz.&#8221;<\/strong> dedi<\/p>\n<p> Busenaz S\u00fcrmeneli \u00fczere 2028 Los Angeles Olimpiyat Oyunlar\u0131&#8217;n\u0131 &#8220;as\u0131l hedef&#8221; g\u00f6steren B\u00fc\u015fra I\u015f\u0131ldar, <strong>&#8220;Bizde \u00fclkemize madalyalar ile geldik ve \u00e7ok memnunuz. Bu bizim i\u00e7in \u00f6l\u00e7\u00fc de\u011fil. As\u0131l gayemiz 2028 Los Angeles Olimpiyat Oyunlar\u0131. Orada ho\u015f muvaffakiyetler elde edece\u011fimizi d\u00fc\u015f\u00fcn\u00fcyorum. G\u00fc\u00e7l\u00fc ve g\u00fczel bir ekibiz. Arkada\u015flar\u0131ma ve kendime de g\u00fcveniyorum.&#8221;<\/strong> diye konu\u015ftu.<\/p>\n<p> Ulusal ekip antren\u00f6r\u00fc Naz\u0131m Yi\u011fit, tertibe k\u0131sa m\u00fcddet i\u00e7inde haz\u0131rlanma f\u0131rsat\u0131 bulduklar\u0131n\u0131 vurgulayarak &#8220;\u00dc\u00e7\u00fcnc\u00fc olduk. Elimizden geleni yapt\u0131k. Gayemiz olimpiyat oyunlar\u0131nda \u00fclkemizi en d\u00fczg\u00fcn bi\u00e7imde temsil etmek.&#8221; g\u00f6r\u00fc\u015flerini aktard\u0131.<\/p>\n<p> Antren\u00f6r Cahit S\u00fcme, gayelerinin s\u0131radaki tertiplerde daha yeterli muvaffakiyetler kazanmak oldu\u011funu lisana getirdi.<\/p>\n<p> Atletler, kar\u015f\u0131laman\u0131n akabinde kendilerini bekleyen ara\u00e7larla havaliman\u0131ndan ayr\u0131ld\u0131.<\/p>\n","protected":false},"excerpt":{"rendered":"<p>D\u00fcnya \u00fc\u00e7\u00fcnc\u00fcs\u00fc T\u00fcrkiye Bayan Boks Ulusal Kadrosu yurda d\u00f6nd\u00fc.<\/p>\n","protected":false},"author":1,"featured_media":31188,"comment_status":"open","ping_status":"open","sticky":false,"template":"","format":"standard","meta":{"footnotes":""},"categories":[27],"tags":[653,1562,156,465,52],"class_list":["post-31187","post","type-post","status-publish","format-standard","has-post-thumbnail","hentry","category-guncel-haberler","tag-653","tag-boks","tag-dunya","tag-olimpiyat","tag-takim"],"_links":{"self":[{"href":"https:\/\/haberbesiktas.tr\/index.php?rest_route=\/wp\/v2\/posts\/31187","targetHints":{"allow":["GET"]}}],"collection":[{"href":"https:\/\/haberbesiktas.tr\/index.php?rest_route=\/wp\/v2\/posts"}],"about":[{"href":"https:\/\/haberbesiktas.tr\/index.php?rest_route=\/wp\/v2\/types\/post"}],"author":[{"embeddable":true,"href":"https:\/\/haberbesiktas.tr\/index.php?rest_route=\/wp\/v2\/users\/1"}],"replies":[{"embeddable":true,"href":"https:\/\/haberbesiktas.tr\/index.php?rest_route=%2Fwp%2Fv2%2Fcomments&post=31187"}],"version-history":[{"count":1,"href":"https:\/\/haberbesiktas.tr\/index.php?rest_route=\/wp\/v2\/posts\/31187\/revisions"}],"predecessor-version":[{"id":31189,"href":"https:\/\/haberbesiktas.tr\/index.php?rest_route=\/wp\/v2\/posts\/31187\/revisions\/31189"}],"wp:featuredmedia":[{"embeddable":true,"href":"https:\/\/haberbesiktas.tr\/index.php?rest_route=\/wp\/v2\/media\/31188"}],"wp:attachment":[{"href":"https:\/\/haberbesiktas.tr\/index.php?rest_route=%2Fwp%2Fv2%2Fmedia&parent=31187"}],"wp:term":[{"taxonomy":"category","embeddable":true,"href":"https:\/\/haberbesiktas.tr\/index.php?rest_route=%2Fwp%2Fv2%2Fcategories&post=31187"},{"taxonomy":"post_tag","embeddable":true,"href":"https:\/\/haberbesiktas.tr\/index.php?rest_route=%2Fwp%2Fv2%2Ftags&post=31187"}],"curies":[{"name":"wp","href":"https:\/\/api.w.org\/{rel}","templated":true}]}}