{"id":31199,"date":"2025-05-17T03:36:11","date_gmt":"2025-05-17T03:36:11","guid":{"rendered":"https:\/\/haberbesiktas.tr\/?p=31199"},"modified":"2025-05-17T03:36:11","modified_gmt":"2025-05-17T03:36:11","slug":"para-badmintoncular-ispanyada-4-madalya-kazandi","status":"publish","type":"post","link":"https:\/\/haberbesiktas.tr\/?p=31199","title":{"rendered":"Para badmintoncular, \u0130spanya&#8217;da 4 madalya kazand\u0131"},"content":{"rendered":"<p>Uluslararas\u0131 \u0130spanya 1. D\u00fczey Para Badminton Turnuvas\u0131&#8217;na kat\u0131lan ulusal sportmenler, 1 alt\u0131n, 1 g\u00fcm\u00fc\u015f ve 2 bronz madalya kazand\u0131.<\/p>\n<p> T\u00fcrkiye Badminton Federasyonunun a\u00e7\u0131klamas\u0131na nazaran Toledo kentindeki turnuvaya kat\u0131lan Tu\u011f\u00e7e \u00c7elik, \u00e7ift bayanlar SL3-SU5 kategorisinde Hint partneri Palak Kohli ile finale y\u00fckseldi.<\/p>\n<p> Tu\u011f\u00e7e ile Kohli, finalde Brezilya&#8217;dan Mikaela da Costa Almeida-Kauana Michelson Beckenkamp \u00e7iftini, 2-1 yenerek \u015fampiyon oldu.<\/p>\n<p> Tertipte gayret eden ba\u015fka T\u00fcrk atletlerden Halime Y\u0131ld\u0131z (tek bayanlar SL3) g\u00fcm\u00fc\u015f, Emine Se\u00e7kin (tek bayanlar WH2) ve Tu\u011f\u00e7e \u00c7elik (tek bayanlar SL4) ise bronz madalya elde etti.<\/p>\n","protected":false},"excerpt":{"rendered":"<p>Milletleraras\u0131 \u0130spanya 1. D\u00fczey Para Badminton Turnuvas\u0131&#8217;nda \u00e7aba eden ulusal sportmenler, 1 alt\u0131n, 1 g\u00fcm\u00fc\u015f ve 2 bronz madalya kazanarak de\u011ferli bir muvaffakiyete imza att\u0131.<\/p>\n","protected":false},"author":1,"featured_media":31200,"comment_status":"open","ping_status":"open","sticky":false,"template":"","format":"standard","meta":{"footnotes":""},"categories":[27],"tags":[],"class_list":["post-31199","post","type-post","status-publish","format-standard","has-post-thumbnail","hentry","category-guncel-haberler"],"_links":{"self":[{"href":"https:\/\/haberbesiktas.tr\/index.php?rest_route=\/wp\/v2\/posts\/31199","targetHints":{"allow":["GET"]}}],"collection":[{"href":"https:\/\/haberbesiktas.tr\/index.php?rest_route=\/wp\/v2\/posts"}],"about":[{"href":"https:\/\/haberbesiktas.tr\/index.php?rest_route=\/wp\/v2\/types\/post"}],"author":[{"embeddable":true,"href":"https:\/\/haberbesiktas.tr\/index.php?rest_route=\/wp\/v2\/users\/1"}],"replies":[{"embeddable":true,"href":"https:\/\/haberbesiktas.tr\/index.php?rest_route=%2Fwp%2Fv2%2Fcomments&post=31199"}],"version-history":[{"count":1,"href":"https:\/\/haberbesiktas.tr\/index.php?rest_route=\/wp\/v2\/posts\/31199\/revisions"}],"predecessor-version":[{"id":31201,"href":"https:\/\/haberbesiktas.tr\/index.php?rest_route=\/wp\/v2\/posts\/31199\/revisions\/31201"}],"wp:featuredmedia":[{"embeddable":true,"href":"https:\/\/haberbesiktas.tr\/index.php?rest_route=\/wp\/v2\/media\/31200"}],"wp:attachment":[{"href":"https:\/\/haberbesiktas.tr\/index.php?rest_route=%2Fwp%2Fv2%2Fmedia&parent=31199"}],"wp:term":[{"taxonomy":"category","embeddable":true,"href":"https:\/\/haberbesiktas.tr\/index.php?rest_route=%2Fwp%2Fv2%2Fcategories&post=31199"},{"taxonomy":"post_tag","embeddable":true,"href":"https:\/\/haberbesiktas.tr\/index.php?rest_route=%2Fwp%2Fv2%2Ftags&post=31199"}],"curies":[{"name":"wp","href":"https:\/\/api.w.org\/{rel}","templated":true}]}}