{"id":31260,"date":"2025-05-17T07:24:17","date_gmt":"2025-05-17T07:24:17","guid":{"rendered":"https:\/\/haberbesiktas.tr\/?p=31260"},"modified":"2025-05-17T07:24:17","modified_gmt":"2025-05-17T07:24:17","slug":"zlatko-dalicten-livakovic-aciklamasi","status":"publish","type":"post","link":"https:\/\/haberbesiktas.tr\/?p=31260","title":{"rendered":"Zlatko Dalic&#8217;ten Livakovic a\u00e7\u0131klamas\u0131!"},"content":{"rendered":"<div>H\u0131rvatistan Ulusal Kadrosu Teknik Y\u00f6neticisi Zlatko Dalic, ulusal ekip tak\u0131m\u0131nda yer alan kaleciler ve Dominik Livakovic&#8217;in durumu hakk\u0131nda de\u011ferlendirmelerde bulundu.<\/p>\n<p>Dalic, bas\u0131n toplant\u0131s\u0131nda yapt\u0131\u011f\u0131 a\u00e7\u0131klamada,\u00a0<span>&#8220;Kalecilerle ilgili birinci kere bu t\u00fcrl\u00fc bir sorun ya\u015f\u0131yoruz. Livakovic, bir m\u00fcddettir oynam\u0131yordu. Kotarski de birebir halde. Yaln\u0131zca Ivusic, nizaml\u0131 m\u00fchlet buluyor. Antren\u00f6r tak\u0131m\u0131m\u0131zda eski kaleciler de var ve onlar bu durumu benden daha g\u00fczel de\u011ferlendirecektir.&#8221;<\/p>\n<p><strong>62 G\u00dcN SONRA B\u0130R\u0130NC\u0130 KEZ<\/strong><\/p>\n<p><\/span>Fenerbah\u00e7e kalecisi, ya\u015fad\u0131\u011f\u0131 sakatl\u0131ktan sonra alanlardan uzak kalm\u0131\u015f, 62 g\u00fcn sonra Samsunspor kar\u015f\u0131s\u0131nda forma giymi\u015fti.\u00a0<\/p>\n<p><strong>FRANSA \u0130LE KAR\u015eILA\u015eACAKLAR<\/strong><\/p>\n<p>H\u0131rvatistan Ulusal Tak\u0131m\u0131, Uluslar Ligi \u00c7eyrek Finali birinci ma\u00e7\u0131nda 20 Mart tarihinde Fransa&#8217;y\u0131 a\u011f\u0131rlayacak. H\u0131rvatlar, birinci ma\u00e7\u0131n akabinde 3 g\u00fcn sonra Fransa ile deplasmanda kar\u015f\u0131la\u015facak.<\/p><\/div>\n<p><\/p>\n","protected":false},"excerpt":{"rendered":"<p>H\u0131rvatistan Ulusal Kadrosu Teknik Y\u00f6neticisi Zlatko Dalic, ulusal grupta bulunan Dominik Livakovic ve kaleci rotasyonu hakk\u0131nda a\u00e7\u0131klama yapt\u0131.<\/p>\n","protected":false},"author":1,"featured_media":31261,"comment_status":"open","ping_status":"open","sticky":false,"template":"","format":"standard","meta":{"footnotes":""},"categories":[25],"tags":[],"class_list":["post-31260","post","type-post","status-publish","format-standard","has-post-thumbnail","hentry","category-futbol"],"_links":{"self":[{"href":"https:\/\/haberbesiktas.tr\/index.php?rest_route=\/wp\/v2\/posts\/31260","targetHints":{"allow":["GET"]}}],"collection":[{"href":"https:\/\/haberbesiktas.tr\/index.php?rest_route=\/wp\/v2\/posts"}],"about":[{"href":"https:\/\/haberbesiktas.tr\/index.php?rest_route=\/wp\/v2\/types\/post"}],"author":[{"embeddable":true,"href":"https:\/\/haberbesiktas.tr\/index.php?rest_route=\/wp\/v2\/users\/1"}],"replies":[{"embeddable":true,"href":"https:\/\/haberbesiktas.tr\/index.php?rest_route=%2Fwp%2Fv2%2Fcomments&post=31260"}],"version-history":[{"count":1,"href":"https:\/\/haberbesiktas.tr\/index.php?rest_route=\/wp\/v2\/posts\/31260\/revisions"}],"predecessor-version":[{"id":31262,"href":"https:\/\/haberbesiktas.tr\/index.php?rest_route=\/wp\/v2\/posts\/31260\/revisions\/31262"}],"wp:featuredmedia":[{"embeddable":true,"href":"https:\/\/haberbesiktas.tr\/index.php?rest_route=\/wp\/v2\/media\/31261"}],"wp:attachment":[{"href":"https:\/\/haberbesiktas.tr\/index.php?rest_route=%2Fwp%2Fv2%2Fmedia&parent=31260"}],"wp:term":[{"taxonomy":"category","embeddable":true,"href":"https:\/\/haberbesiktas.tr\/index.php?rest_route=%2Fwp%2Fv2%2Fcategories&post=31260"},{"taxonomy":"post_tag","embeddable":true,"href":"https:\/\/haberbesiktas.tr\/index.php?rest_route=%2Fwp%2Fv2%2Ftags&post=31260"}],"curies":[{"name":"wp","href":"https:\/\/api.w.org\/{rel}","templated":true}]}}