{"id":31272,"date":"2025-05-17T08:12:17","date_gmt":"2025-05-17T08:12:17","guid":{"rendered":"https:\/\/haberbesiktas.tr\/?p=31272"},"modified":"2025-05-17T08:12:17","modified_gmt":"2025-05-17T08:12:17","slug":"galatasaraydan-osimhen-aciklamasi-hayal-degil","status":"publish","type":"post","link":"https:\/\/haberbesiktas.tr\/?p=31272","title":{"rendered":"Galatasaray&#8217;dan Osimhen a\u00e7\u0131klamas\u0131: &#8220;Hayal de\u011fil&#8221;"},"content":{"rendered":"<div>Galatasaray&#8217;da g\u00fcndemin de\u011ferli unsurlar\u0131ndan biri Napoli&#8217;den kiralanan Victor Osimhen&#8217;in gelece\u011fi.<\/p>\n<p><strong>&#8220;ALMAMIZ HAYAL DE\u011e\u0130L&#8221;<\/strong><\/p>\n<p> Sar\u0131-k\u0131rm\u0131z\u0131l\u0131lardan Osimhen&#8217;le ilgili yeni bir a\u00e7\u0131klama geldi. Galatasaray Sportif A\u015e Lider Vekili Abdullah Kavukcu, golc\u00fc futbolcuyla ilgili konu\u015ftu. Kavukcu, <strong>&#8220;Victor Osimhen&#8217;in kalmas\u0131n\u0131 istiyoruz, kendisiyle konu\u015ftuk. Osimhen, Nisan ay\u0131nda karar\u0131n\u0131 bize bildirecek. D\u00fcnyan\u0131n 5 b\u00fcy\u00fck kadrosu ilgileniyor. Victor Osimhen&#8217;i almam\u0131z hayal de\u011fil. G\u00f6z\u00fcm\u00fczde b\u00fcy\u00fctmeyelim.<\/strong>&#8221; ifadelerini kulland\u0131.<\/p>\n<p> <strong>OSIMHEN&#8217;\u0130N S\u00d6ZLER\u0130<\/strong><\/p>\n<p> Osimhen, Galatasaray&#8217;\u0131n Antalyaspor ile oynad\u0131\u011f\u0131 ma\u00e7\u0131n akabinde gelece\u011fi ve hakk\u0131ndaki Barcelona tezleri i\u00e7in,<strong> &#8220;Sezon sonuna kadar buraday\u0131m ve bu grubun oyuncusuyum. Okan hocam ve liderle d\u00f6nem sonunda konu\u015fma yapaca\u011f\u0131z. \u015eu anda bu kul\u00fcbe \u00e7ok h\u00fcrmet duyuyorum ve buray\u0131 \u00e7ok seviyorum. Burada \u00e7ok memnunum. Ailem de \u00e7ok memnun. Burada bir nizam\u0131m var. Buras\u0131 T\u00fcrkiye&#8217;nin en b\u00fcy\u00fck kul\u00fcb\u00fc. D\u00fcnyan\u0131n da en b\u00fcy\u00fck kul\u00fcplerinden biri. Bence yanl\u0131\u015fs\u0131z yolda ilerliyoruz. Liderimizin takviyesiyle her \u015feyi yanl\u0131\u015fs\u0131z yapmaya \u00e7al\u0131\u015f\u0131yoruz. Ben de gollerimle ve asistlerimle kadroya katk\u0131 sa\u011flamaya \u00e7al\u0131\u015f\u0131yorum.&#8221;<\/strong> demi\u015fti.<\/p>\n<p> Galatasaray&#8217;da bu d\u00f6nem 30 ma\u00e7ta m\u00fcddet bulan Osimhen, 26 gol att\u0131 ve 5 asist yapt\u0131.<\/p>\n<\/div>\n<p><\/p>\n","protected":false},"excerpt":{"rendered":"<p>Galatasaray Sportif A\u015e Lider Vekili Abdullah Kavukcu, Victor Osimhen&#8217;in gelece\u011fiyle ilgili konu\u015ftu.<\/p>\n","protected":false},"author":1,"featured_media":31273,"comment_status":"open","ping_status":"open","sticky":false,"template":"","format":"standard","meta":{"footnotes":""},"categories":[25],"tags":[],"class_list":["post-31272","post","type-post","status-publish","format-standard","has-post-thumbnail","hentry","category-futbol"],"_links":{"self":[{"href":"https:\/\/haberbesiktas.tr\/index.php?rest_route=\/wp\/v2\/posts\/31272","targetHints":{"allow":["GET"]}}],"collection":[{"href":"https:\/\/haberbesiktas.tr\/index.php?rest_route=\/wp\/v2\/posts"}],"about":[{"href":"https:\/\/haberbesiktas.tr\/index.php?rest_route=\/wp\/v2\/types\/post"}],"author":[{"embeddable":true,"href":"https:\/\/haberbesiktas.tr\/index.php?rest_route=\/wp\/v2\/users\/1"}],"replies":[{"embeddable":true,"href":"https:\/\/haberbesiktas.tr\/index.php?rest_route=%2Fwp%2Fv2%2Fcomments&post=31272"}],"version-history":[{"count":1,"href":"https:\/\/haberbesiktas.tr\/index.php?rest_route=\/wp\/v2\/posts\/31272\/revisions"}],"predecessor-version":[{"id":31274,"href":"https:\/\/haberbesiktas.tr\/index.php?rest_route=\/wp\/v2\/posts\/31272\/revisions\/31274"}],"wp:featuredmedia":[{"embeddable":true,"href":"https:\/\/haberbesiktas.tr\/index.php?rest_route=\/wp\/v2\/media\/31273"}],"wp:attachment":[{"href":"https:\/\/haberbesiktas.tr\/index.php?rest_route=%2Fwp%2Fv2%2Fmedia&parent=31272"}],"wp:term":[{"taxonomy":"category","embeddable":true,"href":"https:\/\/haberbesiktas.tr\/index.php?rest_route=%2Fwp%2Fv2%2Fcategories&post=31272"},{"taxonomy":"post_tag","embeddable":true,"href":"https:\/\/haberbesiktas.tr\/index.php?rest_route=%2Fwp%2Fv2%2Ftags&post=31272"}],"curies":[{"name":"wp","href":"https:\/\/api.w.org\/{rel}","templated":true}]}}