{"id":31278,"date":"2025-05-17T08:36:18","date_gmt":"2025-05-17T08:36:18","guid":{"rendered":"https:\/\/haberbesiktas.tr\/?p=31278"},"modified":"2025-05-17T08:36:18","modified_gmt":"2025-05-17T08:36:18","slug":"galatasaraydan-derbi-icin-yabanci-hakem-aciklamasi","status":"publish","type":"post","link":"https:\/\/haberbesiktas.tr\/?p=31278","title":{"rendered":"Galatasaray&#8217;dan derbi i\u00e7in yabanc\u0131 hakem a\u00e7\u0131klamas\u0131!"},"content":{"rendered":"<div>Galatasaray Genel Sekreteri Eray Yazgan, yabanc\u0131 hakem g\u00fcndemiyle ilgili a\u00e7\u0131klamalarda bulundu.<\/p>\n<p> Yazgan,<strong> &#8220;Yerli yahut yabanc\u0131 hakem fark etmez. Yeterli ve makus hakem vard\u0131r. Yeterli bir hakem olsun. Bir ki\u015fi olmas\u0131n. Mariborlu bir hakem olmas\u0131n. Hull Cityli bir hakem olmas\u0131n. Kalk\u0131p g\u00f6z g\u00f6z\u00fcn parma\u011f\u0131na Mariborlu hakem getirdiler. Ne kadar adil ve tarafs\u0131z olduklar\u0131n\u0131 kupa ma\u00e7\u0131nda atayacaklar\u0131 hakemle belirleyecekler.&#8221;<\/strong> dedi.<\/p>\n<p> Yazgan, ayr\u0131yeten Fenerbah\u00e7e ile yap\u0131lacak kupa ma\u00e7\u0131nda RAMS Park&#8217;ta oldu\u011fu \u00fczere Kad\u0131k\u00f6y&#8217;de de \u0130stanbul Emniyeti&#8217;nin gerekli \u00f6nlemleri alaca\u011f\u0131na inand\u0131\u011f\u0131n\u0131 s\u00f6yledi.<\/p>\n<\/div>\n<p><\/p>\n","protected":false},"excerpt":{"rendered":"<p>Galatasaray Genel Sekreteri Eray Yazgan, yabanc\u0131 hakem g\u00fcndemiyle ilgili konu\u015ftu.<\/p>\n","protected":false},"author":1,"featured_media":31279,"comment_status":"open","ping_status":"open","sticky":false,"template":"","format":"standard","meta":{"footnotes":""},"categories":[25],"tags":[62],"class_list":["post-31278","post","type-post","status-publish","format-standard","has-post-thumbnail","hentry","category-futbol","tag-hakem"],"_links":{"self":[{"href":"https:\/\/haberbesiktas.tr\/index.php?rest_route=\/wp\/v2\/posts\/31278","targetHints":{"allow":["GET"]}}],"collection":[{"href":"https:\/\/haberbesiktas.tr\/index.php?rest_route=\/wp\/v2\/posts"}],"about":[{"href":"https:\/\/haberbesiktas.tr\/index.php?rest_route=\/wp\/v2\/types\/post"}],"author":[{"embeddable":true,"href":"https:\/\/haberbesiktas.tr\/index.php?rest_route=\/wp\/v2\/users\/1"}],"replies":[{"embeddable":true,"href":"https:\/\/haberbesiktas.tr\/index.php?rest_route=%2Fwp%2Fv2%2Fcomments&post=31278"}],"version-history":[{"count":1,"href":"https:\/\/haberbesiktas.tr\/index.php?rest_route=\/wp\/v2\/posts\/31278\/revisions"}],"predecessor-version":[{"id":31280,"href":"https:\/\/haberbesiktas.tr\/index.php?rest_route=\/wp\/v2\/posts\/31278\/revisions\/31280"}],"wp:featuredmedia":[{"embeddable":true,"href":"https:\/\/haberbesiktas.tr\/index.php?rest_route=\/wp\/v2\/media\/31279"}],"wp:attachment":[{"href":"https:\/\/haberbesiktas.tr\/index.php?rest_route=%2Fwp%2Fv2%2Fmedia&parent=31278"}],"wp:term":[{"taxonomy":"category","embeddable":true,"href":"https:\/\/haberbesiktas.tr\/index.php?rest_route=%2Fwp%2Fv2%2Fcategories&post=31278"},{"taxonomy":"post_tag","embeddable":true,"href":"https:\/\/haberbesiktas.tr\/index.php?rest_route=%2Fwp%2Fv2%2Ftags&post=31278"}],"curies":[{"name":"wp","href":"https:\/\/api.w.org\/{rel}","templated":true}]}}