{"id":31284,"date":"2025-05-17T09:00:19","date_gmt":"2025-05-17T09:00:19","guid":{"rendered":"https:\/\/haberbesiktas.tr\/?p=31284"},"modified":"2025-05-17T09:00:19","modified_gmt":"2025-05-17T09:00:19","slug":"marcus-thuram-milli-takim-kadrosundan-cikartildi","status":"publish","type":"post","link":"https:\/\/haberbesiktas.tr\/?p=31284","title":{"rendered":"Marcus Thuram, milli tak\u0131m kadrosundan \u00e7\u0131kart\u0131ld\u0131!"},"content":{"rendered":"<div>Marcus Thuram, yakla\u015fan ulusal orta i\u00e7in Fransa Ulusal Ekibi tak\u0131m\u0131ndan bile\u011findeki sakatl\u0131k nedeniyle \u00e7\u0131kart\u0131ld\u0131.<\/p>\n<p> Fransa&#8217;n\u0131n tak\u0131m\u0131 ge\u00e7en per\u015fembe g\u00fcn\u00fc a\u00e7\u0131klanmadan evvel, Thuram&#8217;\u0131n \u00e7a\u011fr\u0131l\u0131p \u00e7a\u011fr\u0131lmayaca\u011f\u0131 me\u00e7huld\u00fc. Fakat Didier Deschamps, Inter teknik y\u00f6neticisi Simone Inzaghi&#8217;nin oyuncunun bilek sakatl\u0131\u011f\u0131 ya\u015fad\u0131\u011f\u0131n\u0131 a\u00e7\u0131klamas\u0131na kar\u015f\u0131n onu tak\u0131ma dahil etti. Buna kar\u015f\u0131n Thuram, ulusal orta \u00f6ncesi Inter&#8217;in son UEFA \u015eampiyonlar Ligi ma\u00e7\u0131nda birinci 11&#8217;de ba\u015flam\u0131\u015ft\u0131.<\/p>\n<p> Thuram&#8217;\u0131n ulusal gruptan \u00e7ekildi\u011fi, Fransa Futbol Federasyonu (FFF) taraf\u0131ndan pazartesi g\u00fcn\u00fc yap\u0131lan bir a\u00e7\u0131klamayla do\u011fruland\u0131. A\u00e7\u0131klamada, oyuncunun sol ayak bile\u011findeki sakatl\u0131k nedeniyle tak\u0131mdan \u00e7\u0131kar\u0131ld\u0131\u011f\u0131 belirtildi.<\/p>\n<p> <strong>HERHANG\u0130 B\u0130R EKLEME YAPILMADI<\/strong><\/p>\n<p>FFF&#8217;nin a\u00e7\u0131klamas\u0131na nazaran Deschamps, \u015fimdilik 23 ki\u015filik tak\u0131mla devam edecek.<\/p>\n<p><strong>HIRVAT\u0130STAN&#8217;A KAR\u015eI ALANDA OLACAKLAR<\/strong><\/p>\n<p> Fransa, UEFA Uluslar Ligi&#8217;nde 20 Mart&#8217;ta Split&#8217;te ve 23 Mart&#8217;ta Stade de France&#8217;ta H\u0131rvatistan&#8217;a kar\u015f\u0131 iki ma\u00e7 oynayacak.<\/p>\n<\/div>\n<p><\/p>\n","protected":false},"excerpt":{"rendered":"<p>Marcus Thuram, bile\u011findeki sakatl\u0131k nedeniyle Fransa Ulusal Grubu tak\u0131m\u0131ndan \u00e7\u0131kart\u0131ld\u0131.<\/p>\n","protected":false},"author":1,"featured_media":31285,"comment_status":"open","ping_status":"open","sticky":false,"template":"","format":"standard","meta":{"footnotes":""},"categories":[25],"tags":[],"class_list":["post-31284","post","type-post","status-publish","format-standard","has-post-thumbnail","hentry","category-futbol"],"_links":{"self":[{"href":"https:\/\/haberbesiktas.tr\/index.php?rest_route=\/wp\/v2\/posts\/31284","targetHints":{"allow":["GET"]}}],"collection":[{"href":"https:\/\/haberbesiktas.tr\/index.php?rest_route=\/wp\/v2\/posts"}],"about":[{"href":"https:\/\/haberbesiktas.tr\/index.php?rest_route=\/wp\/v2\/types\/post"}],"author":[{"embeddable":true,"href":"https:\/\/haberbesiktas.tr\/index.php?rest_route=\/wp\/v2\/users\/1"}],"replies":[{"embeddable":true,"href":"https:\/\/haberbesiktas.tr\/index.php?rest_route=%2Fwp%2Fv2%2Fcomments&post=31284"}],"version-history":[{"count":1,"href":"https:\/\/haberbesiktas.tr\/index.php?rest_route=\/wp\/v2\/posts\/31284\/revisions"}],"predecessor-version":[{"id":31286,"href":"https:\/\/haberbesiktas.tr\/index.php?rest_route=\/wp\/v2\/posts\/31284\/revisions\/31286"}],"wp:featuredmedia":[{"embeddable":true,"href":"https:\/\/haberbesiktas.tr\/index.php?rest_route=\/wp\/v2\/media\/31285"}],"wp:attachment":[{"href":"https:\/\/haberbesiktas.tr\/index.php?rest_route=%2Fwp%2Fv2%2Fmedia&parent=31284"}],"wp:term":[{"taxonomy":"category","embeddable":true,"href":"https:\/\/haberbesiktas.tr\/index.php?rest_route=%2Fwp%2Fv2%2Fcategories&post=31284"},{"taxonomy":"post_tag","embeddable":true,"href":"https:\/\/haberbesiktas.tr\/index.php?rest_route=%2Fwp%2Fv2%2Ftags&post=31284"}],"curies":[{"name":"wp","href":"https:\/\/api.w.org\/{rel}","templated":true}]}}