{"id":31287,"date":"2025-05-17T09:12:17","date_gmt":"2025-05-17T09:12:17","guid":{"rendered":"https:\/\/haberbesiktas.tr\/?p=31287"},"modified":"2025-05-17T09:12:17","modified_gmt":"2025-05-17T09:12:17","slug":"barcelona-ve-osasuna-erteleme-macini-oynamak-istemiyor","status":"publish","type":"post","link":"https:\/\/haberbesiktas.tr\/?p=31287","title":{"rendered":"Barcelona ve Osasuna erteleme ma\u00e7\u0131n\u0131 oynamak istemiyor!"},"content":{"rendered":"<div>Barcelona ve Osasuna, RFEF&#8217;in (\u0130spanya Kraliyet Futbol Federasyonu) belirledi\u011fi 27 Mart tarihindeki erteleme ma\u00e7\u0131n\u0131 oynamak istemiyor. Bu karar, her iki kadronun da bir sonraki ma\u00e7lar\u0131na \u00e7ok k\u0131sa bir dinlenme m\u00fcddetiyle \u00e7\u0131kacak olmas\u0131 nedeniyle reaksiyon \u00e7ekti.<\/p>\n<p> Bilhassa Osasuna, 28 Mart&#8217;ta Athletic Bilbao ile deplasmanda oynayacak ve iki ma\u00e7 ortas\u0131nda 24 saatten az bir m\u00fcddet olacak. Barcelona ise 30 Mart&#8217;ta Girona ile kar\u015f\u0131la\u015facak.<\/p>\n<p><strong>NE OLMU\u015eTU?<\/strong><\/p>\n<p>Barcelona, A ekip hekimi Carles Minarro Garcia&#8217;n\u0131n vefa etti\u011fini ve bundan dolay\u0131 ligde 8 Mart tarihinde oynanacak Osasuna ma\u00e7\u0131n\u0131n ertelendi\u011fini duyurmu\u015ftu.<\/p>\n<p><strong>OLASI \u00c7\u00d6Z\u00dcMLER<\/strong><\/p>\n<p> Bu durum, La Liga&#8217;n\u0131n fikst\u00fcr\u00fcnde b\u00fcy\u00fck de\u011fi\u015fikliklere yol a\u00e7abilir. M\u00fcmk\u00fcn tahliller \u015funlar:<\/p>\n<p> Athletic &#8211; Osasuna ma\u00e7\u0131 pazar g\u00fcn\u00fcne al\u0131nabilir, b\u00f6ylelikle Osasuna daha fazla dinlenebilir.<\/p>\n<p> Barcelona &#8211; Girona ma\u00e7\u0131 21:00&#8217;e \u00e7ekilebilir, fakat bu, t\u0131pk\u0131 g\u00fcn oynanacak Sevilla &#8211; Betis derbisiyle \u00e7ak\u0131\u015faca\u011f\u0131 i\u00e7in yay\u0131nc\u0131 kurulu\u015flar taraf\u0131ndan desteklenmeyebilir.<\/p>\n<p> Barcelona &#8211; Girona ma\u00e7\u0131 31 Mart Pazartesi&#8217;ye kayd\u0131r\u0131labilir, lakin bu sefer Barcelona&#8217;n\u0131n 2 Nisan&#8217;daki Copa del Rey yar\u0131 finali ertelenmek zorunda kalacakt\u0131r.<\/p>\n<p> Bu belirsizlik nedeniyle, Barcelona ve Osasuna&#8217;n\u0131n \u00f6n\u00fcm\u00fczdeki saatlerde resmi bir a\u00e7\u0131klama yaparak karara itiraz etmesi bekleniyor.<\/p>\n<\/div>\n<p><\/p>\n","protected":false},"excerpt":{"rendered":"<p>Barcelona ve Osasuna&#8217;n\u0131n, ortalar\u0131nda ertelenen ma\u00e7\u0131 oynamamak ismine itiraz etmesi bekleniyor.<\/p>\n","protected":false},"author":1,"featured_media":31288,"comment_status":"open","ping_status":"open","sticky":false,"template":"","format":"standard","meta":{"footnotes":""},"categories":[25],"tags":[307,50,2206,861],"class_list":["post-31287","post","type-post","status-publish","format-standard","has-post-thumbnail","hentry","category-futbol","tag-barcelona","tag-mac","tag-mart","tag-osasuna"],"_links":{"self":[{"href":"https:\/\/haberbesiktas.tr\/index.php?rest_route=\/wp\/v2\/posts\/31287","targetHints":{"allow":["GET"]}}],"collection":[{"href":"https:\/\/haberbesiktas.tr\/index.php?rest_route=\/wp\/v2\/posts"}],"about":[{"href":"https:\/\/haberbesiktas.tr\/index.php?rest_route=\/wp\/v2\/types\/post"}],"author":[{"embeddable":true,"href":"https:\/\/haberbesiktas.tr\/index.php?rest_route=\/wp\/v2\/users\/1"}],"replies":[{"embeddable":true,"href":"https:\/\/haberbesiktas.tr\/index.php?rest_route=%2Fwp%2Fv2%2Fcomments&post=31287"}],"version-history":[{"count":1,"href":"https:\/\/haberbesiktas.tr\/index.php?rest_route=\/wp\/v2\/posts\/31287\/revisions"}],"predecessor-version":[{"id":31289,"href":"https:\/\/haberbesiktas.tr\/index.php?rest_route=\/wp\/v2\/posts\/31287\/revisions\/31289"}],"wp:featuredmedia":[{"embeddable":true,"href":"https:\/\/haberbesiktas.tr\/index.php?rest_route=\/wp\/v2\/media\/31288"}],"wp:attachment":[{"href":"https:\/\/haberbesiktas.tr\/index.php?rest_route=%2Fwp%2Fv2%2Fmedia&parent=31287"}],"wp:term":[{"taxonomy":"category","embeddable":true,"href":"https:\/\/haberbesiktas.tr\/index.php?rest_route=%2Fwp%2Fv2%2Fcategories&post=31287"},{"taxonomy":"post_tag","embeddable":true,"href":"https:\/\/haberbesiktas.tr\/index.php?rest_route=%2Fwp%2Fv2%2Ftags&post=31287"}],"curies":[{"name":"wp","href":"https:\/\/api.w.org\/{rel}","templated":true}]}}