{"id":31290,"date":"2025-05-17T09:24:20","date_gmt":"2025-05-17T09:24:20","guid":{"rendered":"https:\/\/haberbesiktas.tr\/?p=31290"},"modified":"2025-05-17T09:24:20","modified_gmt":"2025-05-17T09:24:20","slug":"osimhen-manchester-unitedin-listesinde","status":"publish","type":"post","link":"https:\/\/haberbesiktas.tr\/?p=31290","title":{"rendered":"Osimhen, Manchester United&#8217;\u0131n listesinde!"},"content":{"rendered":"<div>\u0130ngiltere&#8217;de bu d\u00f6nem beklentilerin alt\u0131nda kalan Manchester United, yaz transfer devrinde atak s\u0131n\u0131r\u0131na destek yapmak istiyor.<\/p>\n<p> Ruben Amorim&#8217;in grubu, yaz transfer devrinde yap\u0131lacak transferler i\u00e7in \u015fimdiden \u00e7al\u0131\u015fmalara ba\u015flad\u0131.<\/p>\n<p> Sky&#8217;da yer alan habere nazaran, Manchester United&#8217;\u0131n hamle s\u0131n\u0131r\u0131 i\u00e7in listesinde Leipzig formas\u0131 giyen Benjamin Sesko ve Eintracht Frankfurt&#8217;tan Hugo Ekitike yer al\u0131yor.<\/p>\n<p> Manchester United&#8217;\u0131n transfer listesinde Victor Osimhen ve Sporting Lizbon&#8217;dan Viktor Gy\u00f6keres&#8217;in de \u00fcst s\u0131ralarda yer ald\u0131\u011f\u0131 belirtildi.<\/p>\n<p> Galatasaray&#8217;da bu d\u00f6nem 30 ma\u00e7ta m\u00fcddet bulan Osimhen, 26 gol att\u0131 ve 5 asist yapt\u0131.<\/p>\n<\/div>\n<p><\/p>\n","protected":false},"excerpt":{"rendered":"<p>Manchester United, yaz aylar\u0131nda atak \u00e7izgisine destek yapmak istiyor. \u0130ngiliz grubunda Victor Osimhen de transfer listesinin \u00fcst s\u0131ralar\u0131nda yer al\u0131yor.<\/p>\n","protected":false},"author":1,"featured_media":31291,"comment_status":"open","ping_status":"open","sticky":false,"template":"","format":"standard","meta":{"footnotes":""},"categories":[25],"tags":[],"class_list":["post-31290","post","type-post","status-publish","format-standard","has-post-thumbnail","hentry","category-futbol"],"_links":{"self":[{"href":"https:\/\/haberbesiktas.tr\/index.php?rest_route=\/wp\/v2\/posts\/31290","targetHints":{"allow":["GET"]}}],"collection":[{"href":"https:\/\/haberbesiktas.tr\/index.php?rest_route=\/wp\/v2\/posts"}],"about":[{"href":"https:\/\/haberbesiktas.tr\/index.php?rest_route=\/wp\/v2\/types\/post"}],"author":[{"embeddable":true,"href":"https:\/\/haberbesiktas.tr\/index.php?rest_route=\/wp\/v2\/users\/1"}],"replies":[{"embeddable":true,"href":"https:\/\/haberbesiktas.tr\/index.php?rest_route=%2Fwp%2Fv2%2Fcomments&post=31290"}],"version-history":[{"count":1,"href":"https:\/\/haberbesiktas.tr\/index.php?rest_route=\/wp\/v2\/posts\/31290\/revisions"}],"predecessor-version":[{"id":31292,"href":"https:\/\/haberbesiktas.tr\/index.php?rest_route=\/wp\/v2\/posts\/31290\/revisions\/31292"}],"wp:featuredmedia":[{"embeddable":true,"href":"https:\/\/haberbesiktas.tr\/index.php?rest_route=\/wp\/v2\/media\/31291"}],"wp:attachment":[{"href":"https:\/\/haberbesiktas.tr\/index.php?rest_route=%2Fwp%2Fv2%2Fmedia&parent=31290"}],"wp:term":[{"taxonomy":"category","embeddable":true,"href":"https:\/\/haberbesiktas.tr\/index.php?rest_route=%2Fwp%2Fv2%2Fcategories&post=31290"},{"taxonomy":"post_tag","embeddable":true,"href":"https:\/\/haberbesiktas.tr\/index.php?rest_route=%2Fwp%2Fv2%2Ftags&post=31290"}],"curies":[{"name":"wp","href":"https:\/\/api.w.org\/{rel}","templated":true}]}}