{"id":31293,"date":"2025-05-17T09:36:13","date_gmt":"2025-05-17T09:36:13","guid":{"rendered":"https:\/\/haberbesiktas.tr\/?p=31293"},"modified":"2025-05-17T09:36:13","modified_gmt":"2025-05-17T09:36:13","slug":"u23-milli-atletizm-atmalar-takimindan-bronz-madalya","status":"publish","type":"post","link":"https:\/\/haberbesiktas.tr\/?p=31293","title":{"rendered":"U23 Milli Atletizm Atmalar Tak\u0131m\u0131&#8217;ndan bronz madalya!"},"content":{"rendered":"<p>23 Ya\u015f Alt\u0131 Ulusal Atletizm Erkekler Atmalar Kadrosu, Avrupa Kupas\u0131&#8217;nda ekip halinde bronz madalyan\u0131n sahibi oldu.<\/p>\n<p> T\u00fcrkiye Atletizm Federasyonundan yap\u0131lan a\u00e7\u0131klamaya nazaran, G\u00fcney K\u0131br\u0131s Rum B\u00f6l\u00fcm\u00fc&#8217;nde d\u00fczenlenen tertipte ulusal atletler, 23 ya\u015f alt\u0131nda grup halinde 3 bin 788 puan toplayarak genel s\u0131ralamada 3. s\u0131rada yer ald\u0131 ve bronz madalya kazand\u0131.<\/p>\n<p> Avrupa Atmalar Kupas\u0131&#8217;nda, ulusal atlet P\u0131nar Akyol g\u00fclle atma bran\u015f\u0131nda alt\u0131n, Rabiye \u00c7i\u00e7ek ise cirit atmada bronz madalya kazanm\u0131\u015ft\u0131.<\/p>\n","protected":false},"excerpt":{"rendered":"<p>23 Ya\u015f Alt\u0131 Ulusal Atletizm Atmalar Kadrosu, Avrupa Kupas\u0131&#8217;nda bronz madalya kazand\u0131<\/p>\n","protected":false},"author":1,"featured_media":31294,"comment_status":"open","ping_status":"open","sticky":false,"template":"","format":"standard","meta":{"footnotes":""},"categories":[27],"tags":[],"class_list":["post-31293","post","type-post","status-publish","format-standard","has-post-thumbnail","hentry","category-guncel-haberler"],"_links":{"self":[{"href":"https:\/\/haberbesiktas.tr\/index.php?rest_route=\/wp\/v2\/posts\/31293","targetHints":{"allow":["GET"]}}],"collection":[{"href":"https:\/\/haberbesiktas.tr\/index.php?rest_route=\/wp\/v2\/posts"}],"about":[{"href":"https:\/\/haberbesiktas.tr\/index.php?rest_route=\/wp\/v2\/types\/post"}],"author":[{"embeddable":true,"href":"https:\/\/haberbesiktas.tr\/index.php?rest_route=\/wp\/v2\/users\/1"}],"replies":[{"embeddable":true,"href":"https:\/\/haberbesiktas.tr\/index.php?rest_route=%2Fwp%2Fv2%2Fcomments&post=31293"}],"version-history":[{"count":1,"href":"https:\/\/haberbesiktas.tr\/index.php?rest_route=\/wp\/v2\/posts\/31293\/revisions"}],"predecessor-version":[{"id":31295,"href":"https:\/\/haberbesiktas.tr\/index.php?rest_route=\/wp\/v2\/posts\/31293\/revisions\/31295"}],"wp:featuredmedia":[{"embeddable":true,"href":"https:\/\/haberbesiktas.tr\/index.php?rest_route=\/wp\/v2\/media\/31294"}],"wp:attachment":[{"href":"https:\/\/haberbesiktas.tr\/index.php?rest_route=%2Fwp%2Fv2%2Fmedia&parent=31293"}],"wp:term":[{"taxonomy":"category","embeddable":true,"href":"https:\/\/haberbesiktas.tr\/index.php?rest_route=%2Fwp%2Fv2%2Fcategories&post=31293"},{"taxonomy":"post_tag","embeddable":true,"href":"https:\/\/haberbesiktas.tr\/index.php?rest_route=%2Fwp%2Fv2%2Ftags&post=31293"}],"curies":[{"name":"wp","href":"https:\/\/api.w.org\/{rel}","templated":true}]}}