{"id":31296,"date":"2025-05-17T09:48:15","date_gmt":"2025-05-17T09:48:15","guid":{"rendered":"https:\/\/haberbesiktas.tr\/?p=31296"},"modified":"2025-05-17T09:48:15","modified_gmt":"2025-05-17T09:48:15","slug":"virgil-van-dijk-bunu-kimse-beklemiyordu","status":"publish","type":"post","link":"https:\/\/haberbesiktas.tr\/?p=31296","title":{"rendered":"Virgil Van Dijk: &#8220;Bunu kimse beklemiyordu&#8221;"},"content":{"rendered":"<div>Liverpool&#8217;un kaptan\u0131 Virgil van Dijk, grubunun son periyottaki berbat gidi\u015fat\u0131na dair a\u00e7\u0131klamalarda bulundu. <\/p>\n<p>K\u0131rm\u0131z\u0131lar, \u0130ngiltere Lig Kupas\u0131 finalinde Newcastle&#8217;a 2-1 kaybederek kupay\u0131 ka\u00e7\u0131rd\u0131. Bu yenilgi, son haftalarda al\u0131nan hayal k\u0131r\u0131kl\u0131\u011f\u0131 yaratan sonu\u00e7lar\u0131n devam\u0131 oldu. Liverpool, \u015eampiyonlar Ligi&#8217;nden PSG&#8217;ye penalt\u0131larla elenmi\u015f ve FA Cup&#8217;tan Plymouth&#8217;a 1-0&#8217;l\u0131k yenilgiyle veda etmi\u015fti.<\/p>\n<p><strong>&#8220;FUTBOL BU T\u00dcRL\u00dc \u0130\u015eL\u0130YOR&#8221;<\/strong><\/p>\n<p> Van Dijk, ekibin ya\u015fad\u0131\u011f\u0131 bu d\u00fc\u015f\u00fc\u015fe kar\u015f\u0131n d\u00f6nemin hala bitmedi\u011fini ve Premier League i\u00e7in gayret ettiklerini vurgulad\u0131:<\/p>\n<p> <strong>&#8220;Futbol bu t\u00fcrl\u00fc i\u015fliyor. Be\u015f g\u00fcn i\u00e7inde iki sefer kaybettik ve her \u015feyin \u00e7\u00f6kt\u00fc\u011f\u00fc s\u00f6yleniyor. Me\u011fer iki hafta evvel her \u015fey yolundayd\u0131. \u00d6n\u00fcm\u00fczde dokuz lig ma\u00e7\u0131 var ve d\u00f6nem ba\u015f\u0131ndan beri \u00e7al\u0131\u015ft\u0131\u011f\u0131m\u0131z en b\u00fcy\u00fck \u00f6d\u00fcl i\u00e7in sava\u015fmaya devam etmeliyiz.&#8221;<\/strong><\/p>\n<p><strong>&#8220;BUNU K\u0130MSE BEKLEM\u0130YORDU&#8221;<\/strong><\/p>\n<p> <strong>&#8220;Kimse bizim Premier League i\u00e7in \u00e7aba edece\u011fimizi beklemiyordu. Fakat bu, kazan\u0131lmas\u0131 en g\u00fc\u00e7 kupa ve hala her \u015fey elimizde. \u00d6n\u00fcm\u00fczde bir\u00e7ok olumlu an var ve bu s\u00fcre\u00e7te \u00e7ok \u00e7al\u0131\u015fmal\u0131y\u0131z.&#8221;<\/strong><\/p>\n<p> Ulusal ortan\u0131n akabinde Liverpool, kuvvetli bir derbi ma\u00e7\u0131nda Everton&#8217;\u0131 a\u011f\u0131rlayacak. Van Dijk, oyuncular\u0131n ulusal grup d\u00f6n\u00fc\u015f\u00fc formda kalmalar\u0131n\u0131 umduklar\u0131n\u0131 ve Everton m\u00fcsabakas\u0131na en d\u00fczg\u00fcn bi\u00e7imde haz\u0131rlanacaklar\u0131n\u0131 belirtti.<\/p>\n<\/div>\n<p><\/p>\n","protected":false},"excerpt":{"rendered":"<p>Liverpool&#8217;un kaptan\u0131 Virgil van Dijk, grubunun son periyottaki berbat gidi\u015fat\u0131na dair a\u00e7\u0131klamalar yapt\u0131.<\/p>\n","protected":false},"author":1,"featured_media":31297,"comment_status":"open","ping_status":"open","sticky":false,"template":"","format":"standard","meta":{"footnotes":""},"categories":[25],"tags":[],"class_list":["post-31296","post","type-post","status-publish","format-standard","has-post-thumbnail","hentry","category-futbol"],"_links":{"self":[{"href":"https:\/\/haberbesiktas.tr\/index.php?rest_route=\/wp\/v2\/posts\/31296","targetHints":{"allow":["GET"]}}],"collection":[{"href":"https:\/\/haberbesiktas.tr\/index.php?rest_route=\/wp\/v2\/posts"}],"about":[{"href":"https:\/\/haberbesiktas.tr\/index.php?rest_route=\/wp\/v2\/types\/post"}],"author":[{"embeddable":true,"href":"https:\/\/haberbesiktas.tr\/index.php?rest_route=\/wp\/v2\/users\/1"}],"replies":[{"embeddable":true,"href":"https:\/\/haberbesiktas.tr\/index.php?rest_route=%2Fwp%2Fv2%2Fcomments&post=31296"}],"version-history":[{"count":1,"href":"https:\/\/haberbesiktas.tr\/index.php?rest_route=\/wp\/v2\/posts\/31296\/revisions"}],"predecessor-version":[{"id":31298,"href":"https:\/\/haberbesiktas.tr\/index.php?rest_route=\/wp\/v2\/posts\/31296\/revisions\/31298"}],"wp:featuredmedia":[{"embeddable":true,"href":"https:\/\/haberbesiktas.tr\/index.php?rest_route=\/wp\/v2\/media\/31297"}],"wp:attachment":[{"href":"https:\/\/haberbesiktas.tr\/index.php?rest_route=%2Fwp%2Fv2%2Fmedia&parent=31296"}],"wp:term":[{"taxonomy":"category","embeddable":true,"href":"https:\/\/haberbesiktas.tr\/index.php?rest_route=%2Fwp%2Fv2%2Fcategories&post=31296"},{"taxonomy":"post_tag","embeddable":true,"href":"https:\/\/haberbesiktas.tr\/index.php?rest_route=%2Fwp%2Fv2%2Ftags&post=31296"}],"curies":[{"name":"wp","href":"https:\/\/api.w.org\/{rel}","templated":true}]}}