{"id":3151,"date":"2025-01-12T20:24:33","date_gmt":"2025-01-12T20:24:33","guid":{"rendered":"https:\/\/haberbesiktas.tr\/?p=3151"},"modified":"2025-01-12T20:24:33","modified_gmt":"2025-01-12T20:24:33","slug":"turkiye-buyukler-tekvando-sampiyonasi-basladi-2","status":"publish","type":"post","link":"https:\/\/haberbesiktas.tr\/?p=3151","title":{"rendered":"T\u00fcrkiye B\u00fcy\u00fckler Tekvando \u015eampiyonas\u0131 ba\u015flad\u0131"},"content":{"rendered":"<div>T\u00fcrkiye Tekvando Federasyonu taraf\u0131ndan d\u00fczenlenen T\u00fcrkiye B\u00fcy\u00fckler Tekvando \u015eampiyonas\u0131, Ankara&#8217;da ba\u015flad\u0131.<\/p>\n<p> Taha Akg\u00fcl Spor Salonu&#8217;nda d\u00fczenlenen merasime T\u00fcrkiye Tekvando Federasyonu Ba\u015fkan\u0131 Bahri Tanr\u0131kulu, G\u00fcney Kore&#8217;nin Ankara B\u00fcy\u00fckel\u00e7isi Jeong Yeondoo, Ankara Gen\u00e7lik ve Spor Vilayet M\u00fcd\u00fcr\u00fc Mustafa \u00c7elik ile atlet, antren\u00f6r ve y\u00f6neticiler kat\u0131ld\u0131.<\/p>\n<p> T\u00fcrkiye Tekvando Federasyonu Ba\u015fkan\u0131 Bahri Tanr\u0131kulu, t\u00f6rende yapt\u0131\u011f\u0131 konu\u015fmada, T\u00fcrk tekvandosunu daha ileriye ta\u015f\u0131mak i\u00e7in \u00e7al\u0131\u015fmalara ba\u015flad\u0131klar\u0131n\u0131 s\u00f6z ederek, &#8220;Hedefimiz Balkan \u015eampiyonas\u0131 ve Los Angeles&#8217;taki 2028 Olimpiyatlar\u0131. Atletlerimizi bu tertiplere en yeterli halde haz\u0131rlamak i\u00e7in gerekli teknolojik sistemleri temin edece\u011fiz.&#8221; s\u00f6zlerini kulland\u0131.<\/p>\n<p> Kar\u015f\u0131la\u015fmalar\u0131n ba\u015flad\u0131\u011f\u0131 tertip, 12 Ocak&#8217;ta sona erecek.<\/p>\n<\/div>\n","protected":false},"excerpt":{"rendered":"<p>T\u00fcrkiye Tekvando Federasyonu taraf\u0131ndan d\u00fczenlenen T\u00fcrkiye B\u00fcy\u00fckler Tekvando \u015eampiyonas\u0131, Ankara&#8217;da ba\u015flad\u0131.<\/p>\n","protected":false},"author":1,"featured_media":3152,"comment_status":"open","ping_status":"open","sticky":false,"template":"","format":"standard","meta":{"footnotes":""},"categories":[10],"tags":[343,89],"class_list":["post-3151","post","type-post","status-publish","format-standard","has-post-thumbnail","hentry","category-basketbol","tag-tekvando","tag-turk"],"_links":{"self":[{"href":"https:\/\/haberbesiktas.tr\/index.php?rest_route=\/wp\/v2\/posts\/3151","targetHints":{"allow":["GET"]}}],"collection":[{"href":"https:\/\/haberbesiktas.tr\/index.php?rest_route=\/wp\/v2\/posts"}],"about":[{"href":"https:\/\/haberbesiktas.tr\/index.php?rest_route=\/wp\/v2\/types\/post"}],"author":[{"embeddable":true,"href":"https:\/\/haberbesiktas.tr\/index.php?rest_route=\/wp\/v2\/users\/1"}],"replies":[{"embeddable":true,"href":"https:\/\/haberbesiktas.tr\/index.php?rest_route=%2Fwp%2Fv2%2Fcomments&post=3151"}],"version-history":[{"count":1,"href":"https:\/\/haberbesiktas.tr\/index.php?rest_route=\/wp\/v2\/posts\/3151\/revisions"}],"predecessor-version":[{"id":3153,"href":"https:\/\/haberbesiktas.tr\/index.php?rest_route=\/wp\/v2\/posts\/3151\/revisions\/3153"}],"wp:featuredmedia":[{"embeddable":true,"href":"https:\/\/haberbesiktas.tr\/index.php?rest_route=\/wp\/v2\/media\/3152"}],"wp:attachment":[{"href":"https:\/\/haberbesiktas.tr\/index.php?rest_route=%2Fwp%2Fv2%2Fmedia&parent=3151"}],"wp:term":[{"taxonomy":"category","embeddable":true,"href":"https:\/\/haberbesiktas.tr\/index.php?rest_route=%2Fwp%2Fv2%2Fcategories&post=3151"},{"taxonomy":"post_tag","embeddable":true,"href":"https:\/\/haberbesiktas.tr\/index.php?rest_route=%2Fwp%2Fv2%2Ftags&post=3151"}],"curies":[{"name":"wp","href":"https:\/\/api.w.org\/{rel}","templated":true}]}}