{"id":31548,"date":"2025-05-18T03:24:10","date_gmt":"2025-05-18T03:24:10","guid":{"rendered":"https:\/\/haberbesiktas.tr\/?p=31548"},"modified":"2025-05-18T03:24:10","modified_gmt":"2025-05-18T03:24:10","slug":"metin-ozturk-gercek-5-yildizi-takacagiz-2","status":"publish","type":"post","link":"https:\/\/haberbesiktas.tr\/?p=31548","title":{"rendered":"Metin \u00d6zt\u00fcrk: &#8220;Ger\u00e7ek 5. y\u0131ld\u0131z\u0131 takaca\u011f\u0131z&#8221;"},"content":{"rendered":"<div>Galatasaray, Kemerburgaz Metin Oktay Tesisleri&#8217;nde d\u00fczenlenen iftar yeme\u011finde bir ortaya geldi.<\/p>\n<p> Galatasaray \u0130kinci Ba\u015fkan\u0131 Metin \u00d6zt\u00fcrk, burada a\u00e7\u0131klamalarda bulundu.<\/p>\n<p> \u0130kinci lider Metin \u00d6zt\u00fcrk, Dursun \u00d6zbek liderli\u011finde \u00e7ok de\u011ferli i\u015fler ba\u015fard\u0131klar\u0131n\u0131 lisana getirdi.<\/p>\n<p> <strong>&#8220;GER\u00c7EK 5. YILDIZI TAKACA\u011eIZ&#8221;<\/strong><\/p>\n<p> \u00d6zbek&#8217;in liderli\u011fine vurgu yapan \u00d6zt\u00fcrk,<strong> &#8220;\u0130nsan bedenini bir yerden bir yere ta\u015f\u0131yan beyinse tak\u0131mlarda de \u00f6nderdir. Benim GSY\u0130AD Ba\u015fkanl\u0131\u011f\u0131m d\u00f6neminde ba\u015fkan\u0131m\u0131z kul\u00fcp ba\u015fkan\u0131 se\u00e7ildi. Biz hep kul\u00fcb\u00fcn buyru\u011funda yolumuza devam ettik. Ba\u015fkan\u0131m\u0131z\u0131n se\u00e7imi kaybetti\u011fi devirde her \u015fey kesintiye u\u011frad\u0131. Sonra tekrar hareketlendi. Liderimizin liderli\u011finde uzun y\u0131llar Okan hocam\u0131zla Galatasaray ka\u00e7 nice \u015fampiyonluklara gidecektir. \u0130dare \u015furas\u0131ndaki herkes \u00e7ok de\u011ferli \u015feyler yap\u0131yor lakin \u00f6nder olmazsa bunlar\u0131n hi\u00e7biri ya\u015fanmaz. Biz, birebir armayla liderimiz gelene kadar 13&#8217;\u00fcnc\u00fcyd\u00fck. Bu tesis yoktu. Liderimiz inan\u0131lmaz i\u015fler yapt\u0131. Bir finansal toparlanma da sa\u011fland\u0131. Bu idare ve grup, Dursun \u00d6zbek liderli\u011finde farkl\u0131 bir yere gidiyor. Okan hocam\u0131za ve liderimize \u00e7ok inand\u0131k. Bu sene ger\u00e7ek 5. y\u0131ld\u0131z\u0131 takaca\u011f\u0131z. \u00d6n\u00fcm\u00fczdeki periyotlarda de Florya&#8217;n\u0131n h\u0131zland\u0131\u011f\u0131n\u0131, stad\u0131n alt\u0131ndaki tesisin yap\u0131laca\u011f\u0131n\u0131 g\u00f6rece\u011fiz.&#8221;<\/strong> halinde g\u00f6r\u00fc\u015f belirtti.<\/p>\n<p> <strong>&#8220;REKLAMA YER KALMADI&#8221;<\/strong><\/p>\n<p> Lider Yard\u0131mc\u0131s\u0131 Niyazi Yelkencio\u011flu, forma sponsorluklar\u0131n\u0131n 35 milyon, genel sponsorluklar\u0131n ise 80 milyon avroya yakla\u015ft\u0131\u011f\u0131n\u0131 s\u00f6yledi.<\/p>\n<p> Muvaffakiyetin birliktelikten geldi\u011fini savunan Yelkencio\u011flu,<strong> &#8220;Bir muvaffakiyet geldiyse bu birlik ve beraberlik i\u00e7inde \u00e7al\u0131\u015ft\u0131\u011f\u0131m\u0131z i\u00e7in oldu. Sponsorluklarla ilgili bir komite kurmu\u015ftuk. Burada bulunan t\u00fcm arkada\u015flar elinden geleni en d\u00fczg\u00fcn halde yaparak katk\u0131da bulundu. Bu hepimizin ortak ba\u015far\u0131s\u0131. Burada en de\u011ferli \u015fey Galatasaray&#8217;\u0131n ismi. Sportif muvaffakiyet gelince sponsor bulmak daha kolay oluyor. Bu d\u00f6nem \u015fampiyon olarak 5. y\u0131ld\u0131z\u0131 alaca\u011f\u0131z. Sponsorluklarda daha da b\u00fcy\u00fck say\u0131lara ula\u015faca\u011f\u0131z. Formam\u0131za ald\u0131\u011f\u0131m\u0131z say\u0131lar 35 milyon avroyu buldu. Bu muazzam bir say\u0131. Formam\u0131zda reklam alacak yer kalmad\u0131. Daha ho\u015f g\u00fcnler bizi bekliyor. Toplam sponsorlukta 80 milyon avroya yakla\u015ft\u0131k.&#8221;<\/strong> diye konu\u015ftu.<\/p>\n<p> Y\u00f6netim Kurulu \u00dcyesi Fatih Demircan, Kemerburgaz Metin Oktay Tesisleri&#8217;nin sar\u0131-k\u0131rm\u0131z\u0131l\u0131 kadroya u\u011furlu gelmesini temenni etti.<\/p>\n<p> Tesisin \u00fcretiminde eme\u011fi bulunan Demircan, <strong>&#8220;Geldi\u011fimizde otelci zannediyorduk ancak liderimiz bizden b\u00fcy\u00fck m\u00fcteahhit \u00e7\u0131kt\u0131. Ba\u015f\u0131ndan sonuna kadar her \u015feyi takip etti. Biz de elimizden geldi\u011fince yard\u0131m etmeye \u00e7al\u0131\u015ft\u0131k. \u0130n\u015fallah grubumuz i\u00e7in g\u00fczel ve u\u011furlu olur. \u0130\u00e7inde huzur ve kenetlenme yoksa yap\u0131lan bir \u015fato bile yaln\u0131zca bir betonarme bina. Bir i\u015fe yaramaz. \u00c7ok \u015f\u00fck\u00fcr i\u00e7indekiler yeterli be\u015ferler. G\u00fcn\u00fcn sonunda da in\u015fallah g\u00fczeller kazan\u0131r. Temennimiz bu tarafta.&#8221;<\/strong> tabirlerini kulland\u0131.\u00a0<\/p>\n<div>\u00a0<\/div>\n<\/div>\n<p><\/p>\n","protected":false},"excerpt":{"rendered":"<p>Galatasaray \u0130kinci Ba\u015fkan\u0131 Metin \u00d6zt\u00fcrk, Kemerburgaz Tesisleri&#8217;nde a\u00e7\u0131klamalarda bulundu.<\/p>\n","protected":false},"author":1,"featured_media":31549,"comment_status":"open","ping_status":"open","sticky":false,"template":"","format":"standard","meta":{"footnotes":""},"categories":[10],"tags":[171,209,2578,2190],"class_list":["post-31548","post","type-post","status-publish","format-standard","has-post-thumbnail","hentry","category-basketbol","tag-baskani","tag-lider","tag-sponsor","tag-tesis"],"_links":{"self":[{"href":"https:\/\/haberbesiktas.tr\/index.php?rest_route=\/wp\/v2\/posts\/31548","targetHints":{"allow":["GET"]}}],"collection":[{"href":"https:\/\/haberbesiktas.tr\/index.php?rest_route=\/wp\/v2\/posts"}],"about":[{"href":"https:\/\/haberbesiktas.tr\/index.php?rest_route=\/wp\/v2\/types\/post"}],"author":[{"embeddable":true,"href":"https:\/\/haberbesiktas.tr\/index.php?rest_route=\/wp\/v2\/users\/1"}],"replies":[{"embeddable":true,"href":"https:\/\/haberbesiktas.tr\/index.php?rest_route=%2Fwp%2Fv2%2Fcomments&post=31548"}],"version-history":[{"count":1,"href":"https:\/\/haberbesiktas.tr\/index.php?rest_route=\/wp\/v2\/posts\/31548\/revisions"}],"predecessor-version":[{"id":31550,"href":"https:\/\/haberbesiktas.tr\/index.php?rest_route=\/wp\/v2\/posts\/31548\/revisions\/31550"}],"wp:featuredmedia":[{"embeddable":true,"href":"https:\/\/haberbesiktas.tr\/index.php?rest_route=\/wp\/v2\/media\/31549"}],"wp:attachment":[{"href":"https:\/\/haberbesiktas.tr\/index.php?rest_route=%2Fwp%2Fv2%2Fmedia&parent=31548"}],"wp:term":[{"taxonomy":"category","embeddable":true,"href":"https:\/\/haberbesiktas.tr\/index.php?rest_route=%2Fwp%2Fv2%2Fcategories&post=31548"},{"taxonomy":"post_tag","embeddable":true,"href":"https:\/\/haberbesiktas.tr\/index.php?rest_route=%2Fwp%2Fv2%2Ftags&post=31548"}],"curies":[{"name":"wp","href":"https:\/\/api.w.org\/{rel}","templated":true}]}}