{"id":31599,"date":"2025-05-18T06:36:20","date_gmt":"2025-05-18T06:36:20","guid":{"rendered":"https:\/\/haberbesiktas.tr\/?p=31599"},"modified":"2025-05-18T06:36:20","modified_gmt":"2025-05-18T06:36:20","slug":"besiktasta-rafa-silva-etkisi","status":"publish","type":"post","link":"https:\/\/haberbesiktas.tr\/?p=31599","title":{"rendered":"Be\u015fikta\u015f&#8217;ta Rafa Silva etkisi!"},"content":{"rendered":"<div>\n<p>Be\u015fikta\u015f&#8217;ta Rafa Silva, yaln\u0131zca att\u0131\u011f\u0131 goller ve yapt\u0131\u011f\u0131 asistlerle de\u011fil, ekibin ald\u0131\u011f\u0131 sonu\u00e7lara direkt tesir eden performans\u0131yla da \u00f6ne \u00e7\u0131k\u0131yor.<\/p>\n<p> 31 ya\u015f\u0131ndaki y\u0131ld\u0131z\u0131n gol att\u0131\u011f\u0131 ya da asist yapt\u0131\u011f\u0131 ma\u00e7larda siyah-beyazl\u0131lar\u0131n yaln\u0131zca 1 sefer yenilgi ya\u015fad\u0131. Devreye giremedi\u011fi m\u00fcsabakalarda ise tablo \u00e7ok farkl\u0131 oldu.\u00a0<\/p>\n<p> Rafa Silva&#8217;ya e\u015flik eden bir atak performans\u0131 olmad\u0131\u011f\u0131 i\u00e7in ba\u015far\u0131l\u0131 oyuncunun her ma\u00e7 en \u00e2l\u00e2 d\u00fczeyde oynamas\u0131na ba\u011fl\u0131 kalan bir Be\u015fikta\u015f ortaya \u00e7\u0131kt\u0131.\u00a0<\/p>\n<p> <strong>YALNIZCA MACCABI MA\u00c7I HEZ\u0130MET \u0130LE SONU\u00c7LANDI<\/strong><\/p>\n<p> Bu m\u00fcsabakalardan sadece Avrupa Ligi&#8217;ndeki Maccabi Tel Aviv ma\u00e7\u0131 yenilgi ile sonu\u00e7land\u0131.<\/p>\n<p> S\u00fcper Lig&#8217;de gol ya da asist yapt\u0131\u011f\u0131 8 m\u00fcsabakan\u0131n 6&#8217;s\u0131ndan Be\u015fikta\u015f galibiyetle ayr\u0131l\u0131rken, 2 ma\u00e7 berabere bitti. Avrupa&#8217;da Maccabi yenilgisi d\u0131\u015f\u0131nda 3 galibiyet, 1 beraberlik elde edildi.<\/p>\n<p> <strong>KUPADA 2 GOL<\/strong><\/p>\n<p> Portekizli, T\u00fcrkiye Kupas\u0131&#8217;nda oynad\u0131\u011f\u0131 2 ma\u00e7ta da gol at\u0131p 2 galibiyet ya\u015farken, d\u00f6nem ba\u015f\u0131nda Muhte\u015fem Kupa zaferinde de durum benzeriydi.\u00a0<\/p>\n<p> <strong>RAFA KATKI SA\u011eLADI\u011eINDA BE\u015e\u0130KTA\u015e<\/strong><\/p>\n<p> Y\u0131ld\u0131z isim skora katk\u0131 sa\u011flad\u0131\u011f\u0131nda siyah-beyazl\u0131lar, 16 ma\u00e7ta 12 galibiyet, 3 beraberlik, 1 yenilgilik tablo ortaya koydu.<\/p>\n<p> <strong>KATKI SA\u011eLAMADI\u011eINDA BE\u015e\u0130KTA\u015e<\/strong><\/p>\n<p> Rafa&#8217;n\u0131n tabelaya tesirinin olmad\u0131\u011f\u0131 24 m\u00fcsabakada ise, 8 galibiyet, 6 beraberlik, 10 yenilgi ya\u015fand\u0131.<\/p>\n<p> <strong>PERFORMANSI<\/strong><\/p>\n<p> Bu d\u00f6nem siyah beyazl\u0131 formayla 38 ma\u00e7ta misyon alan Rafa Silva, 13 gol 9 asistlik performans sergiledi.<\/p>\n<\/div>\n<p><\/p>\n","protected":false},"excerpt":{"rendered":"<p>Be\u015fikta\u015f, Rafa Silva&#8217;n\u0131n skora katk\u0131 yapt\u0131\u011f\u0131 ma\u00e7larda neredeyse yenilmiyor. Portekizli y\u0131ld\u0131z\u0131n devreye girmedi\u011fi m\u00fcsabakalarda ise tablo bilakis d\u00f6n\u00fcyor.<\/p>\n","protected":false},"author":1,"featured_media":31600,"comment_status":"open","ping_status":"open","sticky":false,"template":"","format":"standard","meta":{"footnotes":""},"categories":[25],"tags":[71,242,77,50,1386],"class_list":["post-31599","post","type-post","status-publish","format-standard","has-post-thumbnail","hentry","category-futbol","tag-besiktas","tag-galibiyet","tag-gol","tag-mac","tag-maglubiyet"],"_links":{"self":[{"href":"https:\/\/haberbesiktas.tr\/index.php?rest_route=\/wp\/v2\/posts\/31599","targetHints":{"allow":["GET"]}}],"collection":[{"href":"https:\/\/haberbesiktas.tr\/index.php?rest_route=\/wp\/v2\/posts"}],"about":[{"href":"https:\/\/haberbesiktas.tr\/index.php?rest_route=\/wp\/v2\/types\/post"}],"author":[{"embeddable":true,"href":"https:\/\/haberbesiktas.tr\/index.php?rest_route=\/wp\/v2\/users\/1"}],"replies":[{"embeddable":true,"href":"https:\/\/haberbesiktas.tr\/index.php?rest_route=%2Fwp%2Fv2%2Fcomments&post=31599"}],"version-history":[{"count":1,"href":"https:\/\/haberbesiktas.tr\/index.php?rest_route=\/wp\/v2\/posts\/31599\/revisions"}],"predecessor-version":[{"id":31601,"href":"https:\/\/haberbesiktas.tr\/index.php?rest_route=\/wp\/v2\/posts\/31599\/revisions\/31601"}],"wp:featuredmedia":[{"embeddable":true,"href":"https:\/\/haberbesiktas.tr\/index.php?rest_route=\/wp\/v2\/media\/31600"}],"wp:attachment":[{"href":"https:\/\/haberbesiktas.tr\/index.php?rest_route=%2Fwp%2Fv2%2Fmedia&parent=31599"}],"wp:term":[{"taxonomy":"category","embeddable":true,"href":"https:\/\/haberbesiktas.tr\/index.php?rest_route=%2Fwp%2Fv2%2Fcategories&post=31599"},{"taxonomy":"post_tag","embeddable":true,"href":"https:\/\/haberbesiktas.tr\/index.php?rest_route=%2Fwp%2Fv2%2Ftags&post=31599"}],"curies":[{"name":"wp","href":"https:\/\/api.w.org\/{rel}","templated":true}]}}