{"id":31602,"date":"2025-05-18T06:48:13","date_gmt":"2025-05-18T06:48:13","guid":{"rendered":"https:\/\/haberbesiktas.tr\/?p=31602"},"modified":"2025-05-18T06:48:13","modified_gmt":"2025-05-18T06:48:13","slug":"mathias-ross-formayi-unuttu","status":"publish","type":"post","link":"https:\/\/haberbesiktas.tr\/?p=31602","title":{"rendered":"Mathias Ross, formay\u0131 unuttu!"},"content":{"rendered":"<div>Galatasaray&#8217;dan d\u00f6nem ba\u015f\u0131nda Sparta Prag&#8217;a kiralanan Mathias Ross, formay\u0131 unuttu.<\/p>\n<p><strong>SON 10 MA\u00c7TA 9 DAK\u0130KA<\/strong><\/p>\n<p> 24 ya\u015f\u0131ndaki stoper, son 10 m\u00fcsabakada yaln\u0131zca 1 kere m\u00fchlet alabildi ve bu ma\u00e7ta da 9 dakika alanda kalabildi.<\/p>\n<p><strong>SEZON SONU D\u00d6N\u00dcYOR<\/strong><\/p>\n<p> Ross, d\u00f6nem sonunda Galatasaray&#8217;a geri d\u00f6necek.\u00a0\u00a0<\/p>\n<div>\u00a0<\/div>\n<\/div>\n<p><\/p>\n","protected":false},"excerpt":{"rendered":"<p>Galatasaray&#8217;\u0131n Sparta Prag&#8217;a kiralad\u0131\u011f\u0131 Mathias Ross, son 10 m\u00fcsabakada yaln\u0131zca 1 kere m\u00fcddet alabildi<\/p>\n","protected":false},"author":1,"featured_media":31603,"comment_status":"open","ping_status":"open","sticky":false,"template":"","format":"standard","meta":{"footnotes":""},"categories":[25],"tags":[],"class_list":["post-31602","post","type-post","status-publish","format-standard","has-post-thumbnail","hentry","category-futbol"],"_links":{"self":[{"href":"https:\/\/haberbesiktas.tr\/index.php?rest_route=\/wp\/v2\/posts\/31602","targetHints":{"allow":["GET"]}}],"collection":[{"href":"https:\/\/haberbesiktas.tr\/index.php?rest_route=\/wp\/v2\/posts"}],"about":[{"href":"https:\/\/haberbesiktas.tr\/index.php?rest_route=\/wp\/v2\/types\/post"}],"author":[{"embeddable":true,"href":"https:\/\/haberbesiktas.tr\/index.php?rest_route=\/wp\/v2\/users\/1"}],"replies":[{"embeddable":true,"href":"https:\/\/haberbesiktas.tr\/index.php?rest_route=%2Fwp%2Fv2%2Fcomments&post=31602"}],"version-history":[{"count":1,"href":"https:\/\/haberbesiktas.tr\/index.php?rest_route=\/wp\/v2\/posts\/31602\/revisions"}],"predecessor-version":[{"id":31604,"href":"https:\/\/haberbesiktas.tr\/index.php?rest_route=\/wp\/v2\/posts\/31602\/revisions\/31604"}],"wp:featuredmedia":[{"embeddable":true,"href":"https:\/\/haberbesiktas.tr\/index.php?rest_route=\/wp\/v2\/media\/31603"}],"wp:attachment":[{"href":"https:\/\/haberbesiktas.tr\/index.php?rest_route=%2Fwp%2Fv2%2Fmedia&parent=31602"}],"wp:term":[{"taxonomy":"category","embeddable":true,"href":"https:\/\/haberbesiktas.tr\/index.php?rest_route=%2Fwp%2Fv2%2Fcategories&post=31602"},{"taxonomy":"post_tag","embeddable":true,"href":"https:\/\/haberbesiktas.tr\/index.php?rest_route=%2Fwp%2Fv2%2Ftags&post=31602"}],"curies":[{"name":"wp","href":"https:\/\/api.w.org\/{rel}","templated":true}]}}