{"id":31611,"date":"2025-05-18T07:24:19","date_gmt":"2025-05-18T07:24:19","guid":{"rendered":"https:\/\/haberbesiktas.tr\/?p=31611"},"modified":"2025-05-18T07:24:19","modified_gmt":"2025-05-18T07:24:19","slug":"dries-mertens-son-karar-birakiyorum","status":"publish","type":"post","link":"https:\/\/haberbesiktas.tr\/?p=31611","title":{"rendered":"Dries Mertens: &#8220;Son karar; b\u0131rak\u0131yorum!&#8221;"},"content":{"rendered":"<div>Son haftalarda yedek kul\u00fcbesine ge\u00e7en Dries Mertens, d\u00f6nem sonunda futbolu b\u0131rakma karar\u0131 ald\u0131.<\/p>\n<p> Fizik olarak d\u00fc\u015fen Bel\u00e7ikal\u0131 y\u0131ld\u0131z, ge\u00e7en d\u00f6nem sonunda b\u0131rakacakt\u0131 lakin ailesinin telkinleri sonras\u0131nda bir y\u0131l daha futbol oynama karar\u0131 alm\u0131\u015ft\u0131.<\/p>\n<p> Mertens&#8217;in bu d\u00f6nem sonunda kesin olarak futbolu b\u0131rakaca\u011f\u0131 lakin \u0130stanbul&#8217;da ya\u015famaya devam edece\u011fi belirtildi. Mertens, Okan Buruk&#8217;un tak\u0131m\u0131nda yer alacak.<\/p>\n<p><strong>BU D\u00d6NEM NE YAPTI?<\/strong><\/p>\n<p> 37 ya\u015f\u0131ndaki Dries Mertens, bu d\u00f6nem oynad\u0131\u011f\u0131 42 resmi ma\u00e7ta 5 gol at\u0131p 18 asist yapt\u0131.\u00a0\u00a0<\/p>\n<div>\u00a0<\/div>\n<\/div>\n<p><\/p>\n","protected":false},"excerpt":{"rendered":"<p>Galatasaray&#8217;\u0131n 37 ya\u015f\u0131ndaki y\u0131ld\u0131z\u0131 Dries Mertens, d\u00f6nem sonunda futbolu b\u0131rakma karar\u0131 ald\u0131. Bel\u00e7ikal\u0131, Okan Buruk&#8217;un grubunda yer alacak.<\/p>\n","protected":false},"author":1,"featured_media":31612,"comment_status":"open","ping_status":"open","sticky":false,"template":"","format":"standard","meta":{"footnotes":""},"categories":[25],"tags":[57],"class_list":["post-31611","post","type-post","status-publish","format-standard","has-post-thumbnail","hentry","category-futbol","tag-sezon"],"_links":{"self":[{"href":"https:\/\/haberbesiktas.tr\/index.php?rest_route=\/wp\/v2\/posts\/31611","targetHints":{"allow":["GET"]}}],"collection":[{"href":"https:\/\/haberbesiktas.tr\/index.php?rest_route=\/wp\/v2\/posts"}],"about":[{"href":"https:\/\/haberbesiktas.tr\/index.php?rest_route=\/wp\/v2\/types\/post"}],"author":[{"embeddable":true,"href":"https:\/\/haberbesiktas.tr\/index.php?rest_route=\/wp\/v2\/users\/1"}],"replies":[{"embeddable":true,"href":"https:\/\/haberbesiktas.tr\/index.php?rest_route=%2Fwp%2Fv2%2Fcomments&post=31611"}],"version-history":[{"count":1,"href":"https:\/\/haberbesiktas.tr\/index.php?rest_route=\/wp\/v2\/posts\/31611\/revisions"}],"predecessor-version":[{"id":31613,"href":"https:\/\/haberbesiktas.tr\/index.php?rest_route=\/wp\/v2\/posts\/31611\/revisions\/31613"}],"wp:featuredmedia":[{"embeddable":true,"href":"https:\/\/haberbesiktas.tr\/index.php?rest_route=\/wp\/v2\/media\/31612"}],"wp:attachment":[{"href":"https:\/\/haberbesiktas.tr\/index.php?rest_route=%2Fwp%2Fv2%2Fmedia&parent=31611"}],"wp:term":[{"taxonomy":"category","embeddable":true,"href":"https:\/\/haberbesiktas.tr\/index.php?rest_route=%2Fwp%2Fv2%2Fcategories&post=31611"},{"taxonomy":"post_tag","embeddable":true,"href":"https:\/\/haberbesiktas.tr\/index.php?rest_route=%2Fwp%2Fv2%2Ftags&post=31611"}],"curies":[{"name":"wp","href":"https:\/\/api.w.org\/{rel}","templated":true}]}}