{"id":31614,"date":"2025-05-18T07:36:16","date_gmt":"2025-05-18T07:36:16","guid":{"rendered":"https:\/\/haberbesiktas.tr\/?p=31614"},"modified":"2025-05-18T07:36:16","modified_gmt":"2025-05-18T07:36:16","slug":"fenerbahcede-milli-ara-sakatlara-yarayacak","status":"publish","type":"post","link":"https:\/\/haberbesiktas.tr\/?p=31614","title":{"rendered":"Fenerbah\u00e7e&#8217;de milli ara sakatlara yarayacak!"},"content":{"rendered":"<div>Fenerbah\u00e7e&#8217;de Diego Carlos ve \u00c7a\u011flar S\u00f6y\u00fcnc\u00fc&#8217;n\u00fcn \u00f6n\u00fcm\u00fczdeki hafta ekiple \u00e7al\u0131\u015fmalara ba\u015flamas\u0131 ve Bodrumspor ma\u00e7\u0131nda tak\u0131mda olmalar\u0131 bekleniyor.<\/p>\n<p> <strong>DIEGO CARLOS SAKATLI\u011eINI ATLATIYOR<\/strong><\/p>\n<p> Orta transfer devrinde Fenerbah\u00e7e&#8217;ye kat\u0131lan Diego Carlos, ya\u015fad\u0131\u011f\u0131 sakatl\u0131k nedeniyle alanlardan uzak kald\u0131.<\/p>\n<p> Brezilyal\u0131 stoper, \u015fu ana kadar yaln\u0131zca 89 dakika m\u00fcddet alabildi. Son olarak 5 \u015eubat&#8217;ta Erzurumspor ile oynanan T\u00fcrkiye Kupas\u0131 ma\u00e7\u0131nda oyuna girdikten k\u0131sa bir m\u00fchlet sonra sakatlanarak \u00e7\u0131km\u0131\u015ft\u0131.<\/p>\n<p> Ki\u015fisel idmanlara ba\u015flayan deneyimli savunmac\u0131n\u0131n, ulusal ortan\u0131n akabinde grupla \u00e7al\u0131\u015fmalara kat\u0131lmas\u0131 \u00f6ng\u00f6r\u00fcl\u00fcyor.<\/p>\n<p> <strong>\u00c7A\u011eLAR S\u00d6Y\u00dcNC\u00dc DE D\u00d6N\u00dc\u015e YOLUNDA<\/strong><\/p>\n<p> \u00c7a\u011flar S\u00f6y\u00fcnc\u00fc, Rangers ile oynanan UEFA Avrupa Konferans Ligi ma\u00e7\u0131nda uyluk sakatl\u0131\u011f\u0131 ya\u015fam\u0131\u015f ve oyunun \u015fimdi 16. dakikas\u0131nda sahay\u0131 terk etmek zorunda kalm\u0131\u015ft\u0131.<\/p>\n<p> R\u00f6van\u015f gayreti ve Samsunspor ma\u00e7\u0131n\u0131 ka\u00e7\u0131ran ulusal futbolcunun da grupla \u00e7al\u0131\u015fmalara ba\u015flamas\u0131 bekleniyor. Hem \u00c7a\u011flar hem de Diego Carlos&#8217;un, 28 Mart Cuma g\u00fcn\u00fc oynanacak Bodrumspor m\u00fcsabakas\u0131nda tak\u0131mda yer almalar\u0131 hedefleniyor.<\/p>\n<\/div>\n<p><\/p>\n","protected":false},"excerpt":{"rendered":"<p>Ulusal ortaya girilmesiyle birlikte Fenerbah\u00e7e&#8217;de sakat futbolcular\u0131n d\u00fczg\u00fcnle\u015fme s\u00fcreci s\u00fcrat kazan\u0131yor.<\/p>\n","protected":false},"author":1,"featured_media":31615,"comment_status":"open","ping_status":"open","sticky":false,"template":"","format":"standard","meta":{"footnotes":""},"categories":[25],"tags":[],"class_list":["post-31614","post","type-post","status-publish","format-standard","has-post-thumbnail","hentry","category-futbol"],"_links":{"self":[{"href":"https:\/\/haberbesiktas.tr\/index.php?rest_route=\/wp\/v2\/posts\/31614","targetHints":{"allow":["GET"]}}],"collection":[{"href":"https:\/\/haberbesiktas.tr\/index.php?rest_route=\/wp\/v2\/posts"}],"about":[{"href":"https:\/\/haberbesiktas.tr\/index.php?rest_route=\/wp\/v2\/types\/post"}],"author":[{"embeddable":true,"href":"https:\/\/haberbesiktas.tr\/index.php?rest_route=\/wp\/v2\/users\/1"}],"replies":[{"embeddable":true,"href":"https:\/\/haberbesiktas.tr\/index.php?rest_route=%2Fwp%2Fv2%2Fcomments&post=31614"}],"version-history":[{"count":1,"href":"https:\/\/haberbesiktas.tr\/index.php?rest_route=\/wp\/v2\/posts\/31614\/revisions"}],"predecessor-version":[{"id":31616,"href":"https:\/\/haberbesiktas.tr\/index.php?rest_route=\/wp\/v2\/posts\/31614\/revisions\/31616"}],"wp:featuredmedia":[{"embeddable":true,"href":"https:\/\/haberbesiktas.tr\/index.php?rest_route=\/wp\/v2\/media\/31615"}],"wp:attachment":[{"href":"https:\/\/haberbesiktas.tr\/index.php?rest_route=%2Fwp%2Fv2%2Fmedia&parent=31614"}],"wp:term":[{"taxonomy":"category","embeddable":true,"href":"https:\/\/haberbesiktas.tr\/index.php?rest_route=%2Fwp%2Fv2%2Fcategories&post=31614"},{"taxonomy":"post_tag","embeddable":true,"href":"https:\/\/haberbesiktas.tr\/index.php?rest_route=%2Fwp%2Fv2%2Ftags&post=31614"}],"curies":[{"name":"wp","href":"https:\/\/api.w.org\/{rel}","templated":true}]}}