{"id":31620,"date":"2025-05-18T08:00:18","date_gmt":"2025-05-18T08:00:18","guid":{"rendered":"https:\/\/haberbesiktas.tr\/?p=31620"},"modified":"2025-05-18T08:00:18","modified_gmt":"2025-05-18T08:00:18","slug":"besiktas-icin-tek-kurtulus-derbi","status":"publish","type":"post","link":"https:\/\/haberbesiktas.tr\/?p=31620","title":{"rendered":"Be\u015fikta\u015f i\u00e7in tek kurtulu\u015f derbi!"},"content":{"rendered":"<div>\n<p>S\u00fcper Lig&#8217;de 4 ma\u00e7l\u0131k galibiyet serisinin akabinde Gaziantep ve Konyaspor kar\u015f\u0131s\u0131nda ald\u0131\u011f\u0131 2 ma\u011flubiyetle &#8216;k\u0131pk\u0131rm\u0131z\u0131&#8217; olan Be\u015fikta\u015f&#8217;ta kaos ya\u015fan\u0131yor.\u00a0<\/p>\n<p> Gaziantep&#8217;in 1; Konya&#8217;n\u0131n ise 2 k\u0131rm\u0131z\u0131 kart g\u00f6rmesine kar\u015f\u0131n alandan puan alamadan ayr\u0131lan siyah-beyazl\u0131larda tek gaye Galatasaray derbisi.\u00a0<\/p>\n<p><strong>G\u00dcVEN SARSILDI<\/strong><\/p>\n<p> Taraftarlar\u0131n bundan 2 hafta evvel &#8216;Alt\u0131n \u00e7ocuk&#8217; ilan etti\u011fi Teknik Y\u00f6netici Ole Gunnar Solskjaer&#8217;e olan itimat sars\u0131ld\u0131. Alanda vurdum duymaz oynayan futbolculara da sert yans\u0131lar var. Bu nedenle Galatasaray ma\u00e7\u0131 Be\u015fikta\u015f i\u00e7in bu d\u00f6nemde hayati bir mana ta\u015f\u0131yor.<\/p>\n<p> <strong>SORUNUN KAYNA\u011eI ARA\u015eTIRILIYOR<\/strong><\/p>\n<p> Be\u015fikta\u015f, ulusal orta sonras\u0131 Dolmabah\u00e7e&#8217;de konuk edece\u011fi Galatasaray&#8217;\u0131 yenip, yine moral bulmay\u0131 hedefliyor.<\/p>\n<p> Lider Serdal Adal\u0131&#8217;n\u0131n da ya\u015fanan bu d\u00fc\u015f\u00fc\u015ften \u00f6t\u00fcr\u00fc kara kara d\u00fc\u015f\u00fcnd\u00fc\u011f\u00fc s\u00f6z edildi. Norve\u00e7li teknik adam, grubuyla birlikte m\u00fcsaade yapmadan ulusal ortada \u00dcmraniye&#8217;de yat\u0131p kalkacak. Galatasaray&#8217;\u0131n eksiklerini tespit edecek olan siyah-beyazl\u0131lar\u0131n teknik kurmaylar\u0131 futbolcular\u0131 askeri bir disiplinle dev ma\u00e7a haz\u0131rlayacak<\/p>\n<p> Siyah-beyazl\u0131larda \u00fcst \u00fcste al\u0131nan makus sonu\u00e7lar\u0131n sebepleri ara\u015ft\u0131r\u0131l\u0131yor. Lider Serdal Adal\u0131, misyona geldi\u011fi g\u00fcnden beri futbol ekibinin t\u00fcm d\u00fc\u015f\u00fcncelerini gidermesine kar\u015f\u0131n alanda al\u0131nan berbat sonu\u00e7lar nedeniyle \u00fczg\u00fcn.\u00a0<\/p>\n<p> Eski idarenin izlerini silmeye \u00e7al\u0131\u015fan Adal\u0131, son 2 haftal\u0131k durumun sebebinin ara\u015ft\u0131r\u0131lmas\u0131 i\u00e7in idareye talimat verdi. Lider Adal\u0131, Solskjaer ve futbolcularla g\u00f6r\u00fc\u015fmeler de yapacak.\u00a0<\/p>\n<\/div>\n<p><\/p>\n","protected":false},"excerpt":{"rendered":"<p>Be\u015fikta\u015f&#8217;ta Pe\u015f pe\u015fe gelen ma\u011flubiyetler sonras\u0131 kaos b\u00fcy\u00fcyor. Teknik y\u00f6netici Ole Gunanr Solskjaer&#8217;e inan\u00e7 sars\u0131l\u0131rken, Galatasaray derbisi d\u00f6nemin en kritik ma\u00e7lar\u0131ndan biri haline geldi.<\/p>\n","protected":false},"author":1,"featured_media":31621,"comment_status":"open","ping_status":"open","sticky":false,"template":"","format":"standard","meta":{"footnotes":""},"categories":[25],"tags":[],"class_list":["post-31620","post","type-post","status-publish","format-standard","has-post-thumbnail","hentry","category-futbol"],"_links":{"self":[{"href":"https:\/\/haberbesiktas.tr\/index.php?rest_route=\/wp\/v2\/posts\/31620","targetHints":{"allow":["GET"]}}],"collection":[{"href":"https:\/\/haberbesiktas.tr\/index.php?rest_route=\/wp\/v2\/posts"}],"about":[{"href":"https:\/\/haberbesiktas.tr\/index.php?rest_route=\/wp\/v2\/types\/post"}],"author":[{"embeddable":true,"href":"https:\/\/haberbesiktas.tr\/index.php?rest_route=\/wp\/v2\/users\/1"}],"replies":[{"embeddable":true,"href":"https:\/\/haberbesiktas.tr\/index.php?rest_route=%2Fwp%2Fv2%2Fcomments&post=31620"}],"version-history":[{"count":1,"href":"https:\/\/haberbesiktas.tr\/index.php?rest_route=\/wp\/v2\/posts\/31620\/revisions"}],"predecessor-version":[{"id":31622,"href":"https:\/\/haberbesiktas.tr\/index.php?rest_route=\/wp\/v2\/posts\/31620\/revisions\/31622"}],"wp:featuredmedia":[{"embeddable":true,"href":"https:\/\/haberbesiktas.tr\/index.php?rest_route=\/wp\/v2\/media\/31621"}],"wp:attachment":[{"href":"https:\/\/haberbesiktas.tr\/index.php?rest_route=%2Fwp%2Fv2%2Fmedia&parent=31620"}],"wp:term":[{"taxonomy":"category","embeddable":true,"href":"https:\/\/haberbesiktas.tr\/index.php?rest_route=%2Fwp%2Fv2%2Fcategories&post=31620"},{"taxonomy":"post_tag","embeddable":true,"href":"https:\/\/haberbesiktas.tr\/index.php?rest_route=%2Fwp%2Fv2%2Ftags&post=31620"}],"curies":[{"name":"wp","href":"https:\/\/api.w.org\/{rel}","templated":true}]}}