{"id":31623,"date":"2025-05-18T08:12:18","date_gmt":"2025-05-18T08:12:18","guid":{"rendered":"https:\/\/haberbesiktas.tr\/?p=31623"},"modified":"2025-05-18T08:12:18","modified_gmt":"2025-05-18T08:12:18","slug":"serge-aurier-futbolu-birakiyor","status":"publish","type":"post","link":"https:\/\/haberbesiktas.tr\/?p=31623","title":{"rendered":"Serge Aurier, futbolu b\u0131rak\u0131yor!"},"content":{"rendered":"<div>Galatasaray&#8217;\u0131n sakatl\u0131klar nedeniyle fazla yararlanamad\u0131\u011f\u0131 Serge Aurier, d\u00f6nem sonunda sar\u0131- k\u0131rm\u0131z\u0131l\u0131lara veda etmi\u015fti.<\/p>\n<p> <strong>FUTBOLU BIRAKMA KARARI ALDI<\/strong><\/p>\n<p> Hem yaz transfer devrinde hem de devre ortas\u0131nda kul\u00fcp bulamayan Fildi\u015fili sa\u011f bek, futbolu b\u0131rakma karar\u0131 ald\u0131.<\/p>\n<p> <strong>GALATASARAY&#8217;DA NE YAPTI?<\/strong><\/p>\n<p> Galatasaray ile kiral\u0131k mukavelesi sona eren Fildi\u015fili futbolcu, 1 Temmuz 2024 itibariyle kul\u00fcps\u00fczd\u00fc. Sar\u0131-k\u0131rm\u0131z\u0131l\u0131 forma ile 4 ma\u00e7a \u00e7\u0131kan Aurier, bu kar\u015f\u0131la\u015fmalarda skor katk\u0131s\u0131 yapamad\u0131.\u00a0\u00a0<\/p>\n<div>\u00a0<\/div>\n<\/div>\n<p><\/p>\n","protected":false},"excerpt":{"rendered":"<p>2023-24 d\u00f6neminin devre ortas\u0131nda yar\u0131m d\u00f6nem Galatasaray formas\u0131 da giyen Serge Aurier, futbolu b\u0131rakma karar\u0131 ald\u0131.<\/p>\n","protected":false},"author":1,"featured_media":31624,"comment_status":"open","ping_status":"open","sticky":false,"template":"","format":"standard","meta":{"footnotes":""},"categories":[25],"tags":[],"class_list":["post-31623","post","type-post","status-publish","format-standard","has-post-thumbnail","hentry","category-futbol"],"_links":{"self":[{"href":"https:\/\/haberbesiktas.tr\/index.php?rest_route=\/wp\/v2\/posts\/31623","targetHints":{"allow":["GET"]}}],"collection":[{"href":"https:\/\/haberbesiktas.tr\/index.php?rest_route=\/wp\/v2\/posts"}],"about":[{"href":"https:\/\/haberbesiktas.tr\/index.php?rest_route=\/wp\/v2\/types\/post"}],"author":[{"embeddable":true,"href":"https:\/\/haberbesiktas.tr\/index.php?rest_route=\/wp\/v2\/users\/1"}],"replies":[{"embeddable":true,"href":"https:\/\/haberbesiktas.tr\/index.php?rest_route=%2Fwp%2Fv2%2Fcomments&post=31623"}],"version-history":[{"count":1,"href":"https:\/\/haberbesiktas.tr\/index.php?rest_route=\/wp\/v2\/posts\/31623\/revisions"}],"predecessor-version":[{"id":31625,"href":"https:\/\/haberbesiktas.tr\/index.php?rest_route=\/wp\/v2\/posts\/31623\/revisions\/31625"}],"wp:featuredmedia":[{"embeddable":true,"href":"https:\/\/haberbesiktas.tr\/index.php?rest_route=\/wp\/v2\/media\/31624"}],"wp:attachment":[{"href":"https:\/\/haberbesiktas.tr\/index.php?rest_route=%2Fwp%2Fv2%2Fmedia&parent=31623"}],"wp:term":[{"taxonomy":"category","embeddable":true,"href":"https:\/\/haberbesiktas.tr\/index.php?rest_route=%2Fwp%2Fv2%2Fcategories&post=31623"},{"taxonomy":"post_tag","embeddable":true,"href":"https:\/\/haberbesiktas.tr\/index.php?rest_route=%2Fwp%2Fv2%2Ftags&post=31623"}],"curies":[{"name":"wp","href":"https:\/\/api.w.org\/{rel}","templated":true}]}}