{"id":31626,"date":"2025-05-18T08:24:17","date_gmt":"2025-05-18T08:24:17","guid":{"rendered":"https:\/\/haberbesiktas.tr\/?p=31626"},"modified":"2025-05-18T08:24:17","modified_gmt":"2025-05-18T08:24:17","slug":"devre-arasi-transferleri-hayal-kirikligi-yaratti","status":"publish","type":"post","link":"https:\/\/haberbesiktas.tr\/?p=31626","title":{"rendered":"Devre aras\u0131 transferleri hayal k\u0131r\u0131kl\u0131\u011f\u0131 yaratt\u0131!"},"content":{"rendered":"<div>Fenerbah\u00e7e, devre ortas\u0131nda tak\u0131m\u0131na katt\u0131\u011f\u0131 isimlerden bekledi\u011fi rand\u0131man\u0131 alamad\u0131. Yaln\u0131zca Milan Skriniar performans\u0131yla \u00f6ne \u00e7\u0131karken, \u00f6b\u00fcr transferler beklentilerin alt\u0131nda kald\u0131. Sar\u0131-lacivertlilerde en formda isimlerden biri olan O\u011fuz Ayd\u0131n&#8217;\u0131n UEFA listesine yaz\u0131lmamas\u0131 ise Avrupa&#8217;daki ba\u015far\u0131s\u0131zl\u0131\u011f\u0131n k\u0131ymetli nedenlerinden biri olarak g\u00f6r\u00fcl\u00fcyor.<\/p>\n<p> <strong>KADRO PLANLAMASI<\/strong><\/p>\n<p> \u015eampiyonluk yolunda kritik haftalara girilirken Fenerbah\u00e7e, tak\u0131m yap\u0131lanmas\u0131ndaki yanl\u0131\u015flar nedeniyle g\u00fc\u00e7 kaybetti. Cenk Tosun&#8217;un Japon tak\u0131m\u0131 Urawa Red Diamonds&#8217;a kiralanmas\u0131 ve Allan Saint-Maximin ile ya\u015fanan s\u00fcrecin g\u00fczel y\u00f6netilememesi, ekibin atak s\u0131n\u0131r\u0131nda eksiklik yaratt\u0131.<\/p>\n<p> Bilhassa Samsunspor \u00fczere kapal\u0131 savunmalar kar\u015f\u0131s\u0131nda tesirli olabilecek Cenk Tosun&#8217;un tak\u0131mda olmamas\u0131, b\u00fcy\u00fck bir yan\u0131lg\u0131 olarak bedellendiriliyor. Surat\u0131 ve ferd\u00ee yetenekleriyle fark yaratabilecek Saint-Maximin&#8217;in de tak\u0131m d\u0131\u015f\u0131 b\u0131rak\u0131lmas\u0131, Fenerbah\u00e7e&#8217;nin atak opsiyonlar\u0131n\u0131 daraltt\u0131. Orta alanda ise Fred&#8217;in yan\u0131na oyunu h\u0131zland\u0131racak bir destek yap\u0131lmamas\u0131, grubun temposunu olumsuz etkiledi.<\/p>\n<p> <strong>TALISCA BEKLENT\u0130LER\u0130 KAR\u015eILAYAMADI<\/strong><\/p>\n<p> Orta alandaki eksikli\u011fe kar\u015f\u0131n devre ortas\u0131nda y\u00fcksek maliyetle transfer edilen Anderson Talisca, \u015fu ana kadar istenilen performans\u0131 sergileyemedi. Ma\u00e7 ba\u015f\u0131na s\u0131rf 1 isabetli \u015fut \u00e7eken Brezilyal\u0131 oyuncu, ne \u00e7al\u0131m atabiliyor ne de hava toplar\u0131nda tesirli olabiliyor. Ayr\u0131yeten, top kazanma istatisti\u011finde s\u0131f\u0131r \u00e7ekmesi dikkat \u00e7ekiyor.<\/p>\n<p> <strong>H\u00dcCUM \u00c7\u0130ZG\u0130S\u0130 YAVA\u015e KALDI<\/strong><\/p>\n<p> Teknik Y\u00f6netici Jose Mourinho, \u00f6n alanda s\u00fcratli oyuncularla oynayarak tempolu bir futbol hedefliyor. Fakat Edin Dzeko ve Dusan Tadic&#8217;in ileri u\u00e7taki varl\u0131\u011f\u0131, Fenerbah\u00e7e&#8217;nin oyununu yava\u015flat\u0131yor. \u0130leri ya\u015flar\u0131 nedeniyle fizik\u00ee olarak zorlanan iki oyuncu, Samsunspor ma\u00e7\u0131nda da etkisiz kald\u0131.<\/p>\n<p> Fenerbah\u00e7e, d\u00f6nem ba\u015f\u0131nda g\u00fc\u00e7l\u00fc bir tak\u0131m kurmas\u0131na kar\u015f\u0131n devre ortas\u0131 transfer yanl\u0131\u015flar\u0131 ve yanl\u0131\u015f tak\u0131m planlamas\u0131 nedeniyle \u015fampiyonluk yar\u0131\u015f\u0131nda problemler ya\u015f\u0131yor.<\/p>\n<\/div>\n<p><\/p>\n","protected":false},"excerpt":{"rendered":"<p>Fenerbah\u00e7e, devre ortas\u0131 transferlerinden istedi\u011fi katk\u0131y\u0131 alamad\u0131. S\u0131rf Milan Skriniar performans\u0131yla dikkat \u00e7ekerken, \u00f6teki destekler beklentileri kar\u015f\u0131layamad\u0131.<\/p>\n","protected":false},"author":1,"featured_media":31627,"comment_status":"open","ping_status":"open","sticky":false,"template":"","format":"standard","meta":{"footnotes":""},"categories":[25],"tags":[1293],"class_list":["post-31626","post","type-post","status-publish","format-standard","has-post-thumbnail","hentry","category-futbol","tag-kadro"],"_links":{"self":[{"href":"https:\/\/haberbesiktas.tr\/index.php?rest_route=\/wp\/v2\/posts\/31626","targetHints":{"allow":["GET"]}}],"collection":[{"href":"https:\/\/haberbesiktas.tr\/index.php?rest_route=\/wp\/v2\/posts"}],"about":[{"href":"https:\/\/haberbesiktas.tr\/index.php?rest_route=\/wp\/v2\/types\/post"}],"author":[{"embeddable":true,"href":"https:\/\/haberbesiktas.tr\/index.php?rest_route=\/wp\/v2\/users\/1"}],"replies":[{"embeddable":true,"href":"https:\/\/haberbesiktas.tr\/index.php?rest_route=%2Fwp%2Fv2%2Fcomments&post=31626"}],"version-history":[{"count":1,"href":"https:\/\/haberbesiktas.tr\/index.php?rest_route=\/wp\/v2\/posts\/31626\/revisions"}],"predecessor-version":[{"id":31628,"href":"https:\/\/haberbesiktas.tr\/index.php?rest_route=\/wp\/v2\/posts\/31626\/revisions\/31628"}],"wp:featuredmedia":[{"embeddable":true,"href":"https:\/\/haberbesiktas.tr\/index.php?rest_route=\/wp\/v2\/media\/31627"}],"wp:attachment":[{"href":"https:\/\/haberbesiktas.tr\/index.php?rest_route=%2Fwp%2Fv2%2Fmedia&parent=31626"}],"wp:term":[{"taxonomy":"category","embeddable":true,"href":"https:\/\/haberbesiktas.tr\/index.php?rest_route=%2Fwp%2Fv2%2Fcategories&post=31626"},{"taxonomy":"post_tag","embeddable":true,"href":"https:\/\/haberbesiktas.tr\/index.php?rest_route=%2Fwp%2Fv2%2Ftags&post=31626"}],"curies":[{"name":"wp","href":"https:\/\/api.w.org\/{rel}","templated":true}]}}