{"id":31710,"date":"2025-05-18T14:00:15","date_gmt":"2025-05-18T14:00:15","guid":{"rendered":"https:\/\/haberbesiktas.tr\/?p=31710"},"modified":"2025-05-18T14:00:15","modified_gmt":"2025-05-18T14:00:15","slug":"uefadan-hakem-oguzhan-cakira-gorev","status":"publish","type":"post","link":"https:\/\/haberbesiktas.tr\/?p=31710","title":{"rendered":"UEFA&#8217;dan hakem O\u011fuzhan \u00c7ak\u0131r&#8217;a g\u00f6rev"},"content":{"rendered":"<div><span><span>FIFA kokartl\u0131 hakem O\u011fuzhan \u00c7ak\u0131r, Fransa&#8217;da d\u00fczenlenecek UEFA 17 Ya\u015f Alt\u0131 Avrupa \u015eampiyonas\u0131&#8217;nda misyon alacak.\u00a0<\/span><\/span> <\/p>\n<div> T\u00fcrkiye Futbol Federasyonundan (TFF) yap\u0131lan a\u00e7\u0131klamaya nazaran \u00c7ak\u0131r, 19-25 Mart tarihlerindeki \u015fampiyonada Fransa, Yunanistan, Danimarka ve Finlandiya&#8217;n\u0131n yer ald\u0131\u011f\u0131 A3 K\u00fcmesi kar\u015f\u0131la\u015fmalar\u0131nda d\u00fcd\u00fck \u00e7alacak.<\/p>\n<p> FIFA kokartl\u0131 yard\u0131mc\u0131 hakem Bersan Duran ise bu kar\u015f\u0131la\u015fmalarda yard\u0131mc\u0131 hakem olacak.<\/p>\n<div>\u00a0<\/div>\n<\/p><\/div>\n<div>\u00a0<\/div>\n<\/div>\n<p><\/p>\n","protected":false},"excerpt":{"rendered":"<p>FIFA kokartl\u0131 hakem O\u011fuzhan \u00c7ak\u0131r, Fransa&#8217;da d\u00fczenlenecek UEFA 17 Ya\u015f Alt\u0131 Avrupa \u015eampiyonas\u0131&#8217;nda vazife yapacak.<\/p>\n","protected":false},"author":1,"featured_media":31711,"comment_status":"open","ping_status":"open","sticky":false,"template":"","format":"standard","meta":{"footnotes":""},"categories":[25],"tags":[],"class_list":["post-31710","post","type-post","status-publish","format-standard","has-post-thumbnail","hentry","category-futbol"],"_links":{"self":[{"href":"https:\/\/haberbesiktas.tr\/index.php?rest_route=\/wp\/v2\/posts\/31710","targetHints":{"allow":["GET"]}}],"collection":[{"href":"https:\/\/haberbesiktas.tr\/index.php?rest_route=\/wp\/v2\/posts"}],"about":[{"href":"https:\/\/haberbesiktas.tr\/index.php?rest_route=\/wp\/v2\/types\/post"}],"author":[{"embeddable":true,"href":"https:\/\/haberbesiktas.tr\/index.php?rest_route=\/wp\/v2\/users\/1"}],"replies":[{"embeddable":true,"href":"https:\/\/haberbesiktas.tr\/index.php?rest_route=%2Fwp%2Fv2%2Fcomments&post=31710"}],"version-history":[{"count":1,"href":"https:\/\/haberbesiktas.tr\/index.php?rest_route=\/wp\/v2\/posts\/31710\/revisions"}],"predecessor-version":[{"id":31712,"href":"https:\/\/haberbesiktas.tr\/index.php?rest_route=\/wp\/v2\/posts\/31710\/revisions\/31712"}],"wp:featuredmedia":[{"embeddable":true,"href":"https:\/\/haberbesiktas.tr\/index.php?rest_route=\/wp\/v2\/media\/31711"}],"wp:attachment":[{"href":"https:\/\/haberbesiktas.tr\/index.php?rest_route=%2Fwp%2Fv2%2Fmedia&parent=31710"}],"wp:term":[{"taxonomy":"category","embeddable":true,"href":"https:\/\/haberbesiktas.tr\/index.php?rest_route=%2Fwp%2Fv2%2Fcategories&post=31710"},{"taxonomy":"post_tag","embeddable":true,"href":"https:\/\/haberbesiktas.tr\/index.php?rest_route=%2Fwp%2Fv2%2Ftags&post=31710"}],"curies":[{"name":"wp","href":"https:\/\/api.w.org\/{rel}","templated":true}]}}