{"id":31716,"date":"2025-05-18T14:24:19","date_gmt":"2025-05-18T14:24:19","guid":{"rendered":"https:\/\/haberbesiktas.tr\/?p=31716"},"modified":"2025-05-18T14:24:19","modified_gmt":"2025-05-18T14:24:19","slug":"mehmet-topal-yeniden-petrolul-ploiestinin-basina-geciyor","status":"publish","type":"post","link":"https:\/\/haberbesiktas.tr\/?p=31716","title":{"rendered":"Mehmet Topal yeniden Petrolul Ploiesti&#8217;nin ba\u015f\u0131na ge\u00e7iyor!"},"content":{"rendered":"<div><span>Mehmet Topal yine Petrolul Ploiesti&#8217;nin ba\u015f\u0131na ge\u00e7iyor. Taraftar ve idare \u00e7ok istedi, Topal ikna oldu. <\/p>\n<p>6&#8217;nc\u0131 s\u0131rada b\u0131rakt\u0131\u011f\u0131 Romanya grubunda Mutu vazifeden al\u0131nd\u0131 ve Mehmet Topal ile g\u00f6r\u00fc\u015fmeler olumlu sonu\u00e7land\u0131.<\/p>\n<p>1 Temmuz 2024 tarihinde Ploiesti&#8217;nin ba\u015f\u0131na ge\u00e7en Topal, 25 Aral\u0131k 2024 tarihinde vazifeden ayr\u0131lm\u0131\u015ft\u0131. O devir ekibin ba\u015f\u0131nda 24 ma\u00e7a \u00e7\u0131kan T\u00fcrk teknik adam, 1.46 puan ortalamas\u0131 yakalam\u0131\u015ft\u0131.<\/p>\n<p> <strong>HEDEF KONFERANS L\u0130G\u0130 KATILIMI<\/strong><\/p>\n<p>Topal art\u0131k Petrolul ile konferans ligine kat\u0131labilmek i\u00e7in gayret edecek.<\/span><\/div>\n<p><\/p>\n","protected":false},"excerpt":{"rendered":"<p>Mehmet Topal, bir periyot \u00e7al\u0131\u015ft\u0131rd\u0131\u011f\u0131 Romanya grubu Petrolul Ploiesti&#8217;nin ba\u015f\u0131na tekrar ge\u00e7iyor.<\/p>\n","protected":false},"author":1,"featured_media":31717,"comment_status":"open","ping_status":"open","sticky":false,"template":"","format":"standard","meta":{"footnotes":""},"categories":[25],"tags":[875],"class_list":["post-31716","post","type-post","status-publish","format-standard","has-post-thumbnail","hentry","category-futbol","tag-topal"],"_links":{"self":[{"href":"https:\/\/haberbesiktas.tr\/index.php?rest_route=\/wp\/v2\/posts\/31716","targetHints":{"allow":["GET"]}}],"collection":[{"href":"https:\/\/haberbesiktas.tr\/index.php?rest_route=\/wp\/v2\/posts"}],"about":[{"href":"https:\/\/haberbesiktas.tr\/index.php?rest_route=\/wp\/v2\/types\/post"}],"author":[{"embeddable":true,"href":"https:\/\/haberbesiktas.tr\/index.php?rest_route=\/wp\/v2\/users\/1"}],"replies":[{"embeddable":true,"href":"https:\/\/haberbesiktas.tr\/index.php?rest_route=%2Fwp%2Fv2%2Fcomments&post=31716"}],"version-history":[{"count":1,"href":"https:\/\/haberbesiktas.tr\/index.php?rest_route=\/wp\/v2\/posts\/31716\/revisions"}],"predecessor-version":[{"id":31718,"href":"https:\/\/haberbesiktas.tr\/index.php?rest_route=\/wp\/v2\/posts\/31716\/revisions\/31718"}],"wp:featuredmedia":[{"embeddable":true,"href":"https:\/\/haberbesiktas.tr\/index.php?rest_route=\/wp\/v2\/media\/31717"}],"wp:attachment":[{"href":"https:\/\/haberbesiktas.tr\/index.php?rest_route=%2Fwp%2Fv2%2Fmedia&parent=31716"}],"wp:term":[{"taxonomy":"category","embeddable":true,"href":"https:\/\/haberbesiktas.tr\/index.php?rest_route=%2Fwp%2Fv2%2Fcategories&post=31716"},{"taxonomy":"post_tag","embeddable":true,"href":"https:\/\/haberbesiktas.tr\/index.php?rest_route=%2Fwp%2Fv2%2Ftags&post=31716"}],"curies":[{"name":"wp","href":"https:\/\/api.w.org\/{rel}","templated":true}]}}