{"id":31731,"date":"2025-05-18T15:24:13","date_gmt":"2025-05-18T15:24:13","guid":{"rendered":"https:\/\/haberbesiktas.tr\/?p=31731"},"modified":"2025-05-18T15:24:13","modified_gmt":"2025-05-18T15:24:13","slug":"besiktasta-sessiz-operasyon","status":"publish","type":"post","link":"https:\/\/haberbesiktas.tr\/?p=31731","title":{"rendered":"Be\u015fikta\u015f&#8217;ta sessiz operasyon!"},"content":{"rendered":"<div>\n<p>Be\u015fikta\u015f&#8217;ta son iki ma\u00e7ta da eksik rakipler kar\u015f\u0131s\u0131nda al\u0131nan yenilgiler camiay\u0131 zahmetten \u00e7\u0131kard\u0131.\u00a0<\/p>\n<p> Bu kez ama\u00e7taki isim teknik y\u00f6netici de\u011fil. Siyah beyazl\u0131 taraftarlar mevcut tak\u0131m\u0131n dokuz teknik y\u00f6netici de\u011fi\u015fimine yol a\u00e7t\u0131\u011f\u0131n\u0131 savunarak Ole Gunnar Solskjaer&#8217;e sahip \u00e7\u0131karken futbolculara yans\u0131s\u0131n\u0131 lisana getirdi.<\/p>\n<p> Taraftar k\u00fcmesi \u00c7ar\u015f\u0131 da oyuncular\u0131 gaye alan a\u00e7\u0131klama yapt\u0131. Futbolcular\u0131n tak\u0131m d\u0131\u015f\u0131 b\u0131rak\u0131laca\u011f\u0131 ve d\u00f6nemin geri kalan\u0131nda altyap\u0131 oyuncular\u0131n tart\u0131da oldu\u011fu tak\u0131mla devam edilece\u011fi halinde dedikodular \u00e7\u0131km\u0131\u015ft\u0131.<\/p>\n<p> <strong>OPERASYON SESS\u0130Z OLACAK<\/strong><\/p>\n<p> Lider Serdal Adal\u0131 idaresinin ise g\u00fcndeminde tak\u0131m d\u0131\u015f\u0131 operasyonu bulunmuyor. Ge\u00e7en d\u00f6nem be\u015f oyuncunun tak\u0131m d\u0131\u015f\u0131 b\u0131rak\u0131lmas\u0131n\u0131n \u00e7ok daha a\u011f\u0131r sonu\u00e7lara yol a\u00e7t\u0131\u011f\u0131n\u0131 savunan siyah beyazl\u0131 y\u00f6neticiler operasyonu sessiz ve derinden yapacak. Ge\u00e7en d\u00f6nem tak\u0131m d\u0131\u015f\u0131 kalan Aboubakar i\u00e7in yap\u0131lan teklifler geri \u00e7ekilmi\u015fti.\u00a0<\/p>\n<p> D\u00f6nem \u00f6ncesi tak\u0131mda yer a\u00e7abilmek i\u00e7in mecburen Hatayspor&#8217;a g\u00f6nderilen Kamerunlunun 3,1 milyon avro y\u0131ll\u0131k fiyat\u0131n\u0131n 400 bin avrosunu Hatayspor, kalan 2.7 milyon avroyu Be\u015fikta\u015f kar\u015f\u0131lam\u0131\u015ft\u0131.<\/p>\n<p> <strong>TEKL\u0130F ALMALARI \u0130\u00c7\u0130N OYNAMALARI \u015eART!<\/strong><\/p>\n<p> Tak\u0131mda d\u00fc\u015f\u00fcn\u00fclmeyen oyuncular\u0131n tesislerde d\u00fcz ko\u015fu yapmas\u0131n\u0131n kul\u00fcbe hi\u00e7bir getirisi olmayaca\u011f\u0131, hatta ziyan\u0131n\u0131n daha fazla olaca\u011f\u0131 g\u00f6r\u00fc\u015f\u00fc idarede h\u00e2kim.\u00a0<\/p>\n<p> Be\u011fenilmeyen oyuncular\u0131n teklif almalar\u0131 gelecek d\u00f6nem i\u00e7in kurulacak tak\u0131mda b\u00fcy\u00fck ehemmiyet ta\u015f\u0131yor. Solskjaer&#8217;in de bu planlama do\u011frultusunda kimi oyuncularda diretmek zorunda kald\u0131\u011f\u0131 \u00f6\u011frenildi.\u00a0<\/p>\n<\/div>\n<p><\/p>\n","protected":false},"excerpt":{"rendered":"<p>Son iki ma\u00e7taki yenilgilerin akabinde Be\u015fikta\u015f taraftar\u0131 futbolculara reaksiyon g\u00f6sterirken, idare sessiz bir tak\u0131m operasyonu planl\u0131yor. Siyah-beyazl\u0131lar, tak\u0131mda d\u00fc\u015f\u00fcn\u00fclmeyen isimleri oynatarak teklif almalar\u0131n\u0131 sa\u011flamay\u0131 hedefliyor.<\/p>\n","protected":false},"author":1,"featured_media":31732,"comment_status":"open","ping_status":"open","sticky":false,"template":"","format":"standard","meta":{"footnotes":""},"categories":[25],"tags":[1293,57],"class_list":["post-31731","post","type-post","status-publish","format-standard","has-post-thumbnail","hentry","category-futbol","tag-kadro","tag-sezon"],"_links":{"self":[{"href":"https:\/\/haberbesiktas.tr\/index.php?rest_route=\/wp\/v2\/posts\/31731","targetHints":{"allow":["GET"]}}],"collection":[{"href":"https:\/\/haberbesiktas.tr\/index.php?rest_route=\/wp\/v2\/posts"}],"about":[{"href":"https:\/\/haberbesiktas.tr\/index.php?rest_route=\/wp\/v2\/types\/post"}],"author":[{"embeddable":true,"href":"https:\/\/haberbesiktas.tr\/index.php?rest_route=\/wp\/v2\/users\/1"}],"replies":[{"embeddable":true,"href":"https:\/\/haberbesiktas.tr\/index.php?rest_route=%2Fwp%2Fv2%2Fcomments&post=31731"}],"version-history":[{"count":1,"href":"https:\/\/haberbesiktas.tr\/index.php?rest_route=\/wp\/v2\/posts\/31731\/revisions"}],"predecessor-version":[{"id":31733,"href":"https:\/\/haberbesiktas.tr\/index.php?rest_route=\/wp\/v2\/posts\/31731\/revisions\/31733"}],"wp:featuredmedia":[{"embeddable":true,"href":"https:\/\/haberbesiktas.tr\/index.php?rest_route=\/wp\/v2\/media\/31732"}],"wp:attachment":[{"href":"https:\/\/haberbesiktas.tr\/index.php?rest_route=%2Fwp%2Fv2%2Fmedia&parent=31731"}],"wp:term":[{"taxonomy":"category","embeddable":true,"href":"https:\/\/haberbesiktas.tr\/index.php?rest_route=%2Fwp%2Fv2%2Fcategories&post=31731"},{"taxonomy":"post_tag","embeddable":true,"href":"https:\/\/haberbesiktas.tr\/index.php?rest_route=%2Fwp%2Fv2%2Ftags&post=31731"}],"curies":[{"name":"wp","href":"https:\/\/api.w.org\/{rel}","templated":true}]}}