{"id":31737,"date":"2025-05-18T15:48:14","date_gmt":"2025-05-18T15:48:14","guid":{"rendered":"https:\/\/haberbesiktas.tr\/?p=31737"},"modified":"2025-05-18T15:48:14","modified_gmt":"2025-05-18T15:48:14","slug":"uefadan-hakem-zorbay-kucuke-gorev","status":"publish","type":"post","link":"https:\/\/haberbesiktas.tr\/?p=31737","title":{"rendered":"UEFA&#8217;dan hakem Zorbay K\u00fc\u00e7\u00fck&#8217;e g\u00f6rev"},"content":{"rendered":"<div>\n<p>FIFA kokartl\u0131 hakem Zorbay K\u00fc\u00e7\u00fck, \u0130talya&#8217;da d\u00fczenlenecek UEFA 19 Ya\u015f Alt\u0131 Avrupa \u015eampiyonas\u0131 Se\u00e7kin \u00c7e\u015fit 5. K\u00fcme kar\u015f\u0131la\u015fmalar\u0131nda misyon yapacak.<\/p>\n<p> T\u00fcrkiye Futbol Federasyonundan (TFF) yap\u0131lan a\u00e7\u0131klamaya nazaran Zorbay K\u00fc\u00e7\u00fck, 19-26 Mart tarihlerinde \u0130talya, Fransa, \u0130spanya ve Letonya&#8217;n\u0131n u\u011fra\u015f edece\u011fi k\u00fcme kar\u015f\u0131la\u015fmalar\u0131nda d\u00fcd\u00fck \u00e7alacak.\u00a0<\/p>\n<p> FIFA kokartl\u0131 yard\u0131mc\u0131 hakem Furkan Eser de bu kar\u015f\u0131la\u015fmalarda vazife alacak.<\/p>\n<\/div>\n<p><\/p>\n","protected":false},"excerpt":{"rendered":"<p>FIFA kokartl\u0131 hakem Zorbay K\u00fc\u00e7\u00fck, UEFA 19 Ya\u015f Alt\u0131 Avrupa \u015eampiyonas\u0131 Se\u00e7kin T\u0131p&#8217;ta d\u00fcd\u00fck \u00e7alacak.<\/p>\n","protected":false},"author":1,"featured_media":31738,"comment_status":"open","ping_status":"open","sticky":false,"template":"","format":"standard","meta":{"footnotes":""},"categories":[25],"tags":[],"class_list":["post-31737","post","type-post","status-publish","format-standard","has-post-thumbnail","hentry","category-futbol"],"_links":{"self":[{"href":"https:\/\/haberbesiktas.tr\/index.php?rest_route=\/wp\/v2\/posts\/31737","targetHints":{"allow":["GET"]}}],"collection":[{"href":"https:\/\/haberbesiktas.tr\/index.php?rest_route=\/wp\/v2\/posts"}],"about":[{"href":"https:\/\/haberbesiktas.tr\/index.php?rest_route=\/wp\/v2\/types\/post"}],"author":[{"embeddable":true,"href":"https:\/\/haberbesiktas.tr\/index.php?rest_route=\/wp\/v2\/users\/1"}],"replies":[{"embeddable":true,"href":"https:\/\/haberbesiktas.tr\/index.php?rest_route=%2Fwp%2Fv2%2Fcomments&post=31737"}],"version-history":[{"count":1,"href":"https:\/\/haberbesiktas.tr\/index.php?rest_route=\/wp\/v2\/posts\/31737\/revisions"}],"predecessor-version":[{"id":31739,"href":"https:\/\/haberbesiktas.tr\/index.php?rest_route=\/wp\/v2\/posts\/31737\/revisions\/31739"}],"wp:featuredmedia":[{"embeddable":true,"href":"https:\/\/haberbesiktas.tr\/index.php?rest_route=\/wp\/v2\/media\/31738"}],"wp:attachment":[{"href":"https:\/\/haberbesiktas.tr\/index.php?rest_route=%2Fwp%2Fv2%2Fmedia&parent=31737"}],"wp:term":[{"taxonomy":"category","embeddable":true,"href":"https:\/\/haberbesiktas.tr\/index.php?rest_route=%2Fwp%2Fv2%2Fcategories&post=31737"},{"taxonomy":"post_tag","embeddable":true,"href":"https:\/\/haberbesiktas.tr\/index.php?rest_route=%2Fwp%2Fv2%2Ftags&post=31737"}],"curies":[{"name":"wp","href":"https:\/\/api.w.org\/{rel}","templated":true}]}}