{"id":31746,"date":"2025-05-18T16:24:18","date_gmt":"2025-05-18T16:24:18","guid":{"rendered":"https:\/\/haberbesiktas.tr\/?p=31746"},"modified":"2025-05-18T16:24:18","modified_gmt":"2025-05-18T16:24:18","slug":"bursaspor-teknik-direktor-adem-caglayan-ile-anlasti","status":"publish","type":"post","link":"https:\/\/haberbesiktas.tr\/?p=31746","title":{"rendered":"Bursaspor, teknik direkt\u00f6r Adem \u00c7a\u011flayan ile anla\u015ft\u0131"},"content":{"rendered":"<div>TFF 3. Lig gruplar\u0131ndan Bursaspor, Pablo Martin Batalla&#8217;dan bo\u015falan teknik y\u00f6neticilik vazifesine Adem \u00c7a\u011flayan&#8217;\u0131n getirildi\u011fini duyurdu.<\/p>\n<p> Kul\u00fcb\u00fcn toplumsal medya hesab\u0131ndan yap\u0131lan a\u00e7\u0131klamada, \u015fu s\u00f6zlere yer verildi:<\/p>\n<p> <strong>&#8220;Kul\u00fcb\u00fcm\u00fcz, teknik y\u00f6neticilik vazifesi i\u00e7in Say\u0131n Adem \u00c7a\u011flayan ile 2025-2026 d\u00f6nemi sonuna kadar muahedeye varm\u0131\u015ft\u0131r. Bu muahedenin toplulu\u011fumuza iyi olmas\u0131n\u0131 diler, Adem \u00c7a\u011flayan ve tak\u0131m\u0131na yeni vazifelerinde muvaffakiyetler dileriz.&#8221;<\/strong><\/p>\n<p> \u00c7a\u011flayan i\u00e7in d\u00fczenlenen t\u00f6rende Bursaspor Kul\u00fcb\u00fc Lideri Enes \u00c7elik de haz\u0131r bulundu.<\/p>\n<\/div>\n<p><\/p>\n","protected":false},"excerpt":{"rendered":"<p>TFF 3. Lig tak\u0131mlar\u0131ndan Bursaspor, Pablo Martin Batalla&#8217;dan bo\u015falan teknik y\u00f6neticilik vazifesine Adem \u00c7a\u011flayan&#8217;\u0131n getirildi\u011fini a\u00e7\u0131klad\u0131.<\/p>\n","protected":false},"author":1,"featured_media":31747,"comment_status":"open","ping_status":"open","sticky":false,"template":"","format":"standard","meta":{"footnotes":""},"categories":[25],"tags":[],"class_list":["post-31746","post","type-post","status-publish","format-standard","has-post-thumbnail","hentry","category-futbol"],"_links":{"self":[{"href":"https:\/\/haberbesiktas.tr\/index.php?rest_route=\/wp\/v2\/posts\/31746","targetHints":{"allow":["GET"]}}],"collection":[{"href":"https:\/\/haberbesiktas.tr\/index.php?rest_route=\/wp\/v2\/posts"}],"about":[{"href":"https:\/\/haberbesiktas.tr\/index.php?rest_route=\/wp\/v2\/types\/post"}],"author":[{"embeddable":true,"href":"https:\/\/haberbesiktas.tr\/index.php?rest_route=\/wp\/v2\/users\/1"}],"replies":[{"embeddable":true,"href":"https:\/\/haberbesiktas.tr\/index.php?rest_route=%2Fwp%2Fv2%2Fcomments&post=31746"}],"version-history":[{"count":1,"href":"https:\/\/haberbesiktas.tr\/index.php?rest_route=\/wp\/v2\/posts\/31746\/revisions"}],"predecessor-version":[{"id":31748,"href":"https:\/\/haberbesiktas.tr\/index.php?rest_route=\/wp\/v2\/posts\/31746\/revisions\/31748"}],"wp:featuredmedia":[{"embeddable":true,"href":"https:\/\/haberbesiktas.tr\/index.php?rest_route=\/wp\/v2\/media\/31747"}],"wp:attachment":[{"href":"https:\/\/haberbesiktas.tr\/index.php?rest_route=%2Fwp%2Fv2%2Fmedia&parent=31746"}],"wp:term":[{"taxonomy":"category","embeddable":true,"href":"https:\/\/haberbesiktas.tr\/index.php?rest_route=%2Fwp%2Fv2%2Fcategories&post=31746"},{"taxonomy":"post_tag","embeddable":true,"href":"https:\/\/haberbesiktas.tr\/index.php?rest_route=%2Fwp%2Fv2%2Ftags&post=31746"}],"curies":[{"name":"wp","href":"https:\/\/api.w.org\/{rel}","templated":true}]}}