{"id":31755,"date":"2025-05-18T17:00:13","date_gmt":"2025-05-18T17:00:13","guid":{"rendered":"https:\/\/haberbesiktas.tr\/?p=31755"},"modified":"2025-05-18T17:00:13","modified_gmt":"2025-05-18T17:00:13","slug":"hakkarili-cocuklar-kayak-sporuyla-saglikli-gelecege-adim-atiyor","status":"publish","type":"post","link":"https:\/\/haberbesiktas.tr\/?p=31755","title":{"rendered":"Hakkarili \u00e7ocuklar kayak sporuyla sa\u011fl\u0131kl\u0131 gelece\u011fe ad\u0131m at\u0131yor"},"content":{"rendered":"<p>Hakkari&#8217;de 8 y\u0131l evvel hayata ge\u00e7irilen &#8220;Sa\u011fl\u0131kl\u0131 Gelecek Sporla Gelecek Projesi&#8221; ile y\u00fczlerce kayak\u00e7\u0131 yeti\u015ftirildi, bir\u00e7ok atletin ulusal kadro hayali ger\u00e7ekle\u015ftirildi.<\/p>\n<p> \u00c7ocuk ve gen\u00e7lerin spora kazand\u0131r\u0131lmas\u0131 gayesiyle Valilik \u00f6nc\u00fcl\u00fc\u011f\u00fcnde ba\u015flat\u0131lan; Vilayet Ulusal E\u011fitim, Gen\u00e7lik ve Spor Vilayet M\u00fcd\u00fcrl\u00fcklerince y\u00fcr\u00fct\u00fclen proje kapsam\u0131nda \u00f6\u011frenciler kayakla bulu\u015fturuluyor.<\/p>\n<p> Vilayet merkezi ile Y\u00fcksekova, \u015eemdinli, \u00c7ukurca ve Derecik il\u00e7elerindeki okullardan servislerle al\u0131nan \u00f6\u011frenciler, Mergab\u00fctan Kayak Merkezi&#8217;ne g\u00f6t\u00fcr\u00fcl\u00fcyor.<\/p>\n<p> Burada fiyats\u0131z kayak e\u011fitimi verilen \u00f6\u011frencilerden ba\u015far\u0131l\u0131 g\u00f6r\u00fclenler, antren\u00f6rler taraf\u0131ndan spor kul\u00fcplerine y\u00f6nlendiriliyor.<\/p>\n<p> Y\u00fczlerce \u00f6\u011frencinin bu sayede spora kazand\u0131r\u0131ld\u0131\u011f\u0131 kentte, bir\u00e7ok atletin da Kayak Ulusal Grup formas\u0131 giymesi sa\u011fland\u0131.<\/p>\n<p> Bu y\u0131l da ge\u00e7en aydan bu yana kent genelindeki okullarda e\u011fitim g\u00f6ren 3 bin \u00f6\u011frenciye kayak e\u011fitimi verildi.<\/p>\n<p> Vilayet Ulusal E\u011fitim \u015eube M\u00fcd\u00fcr\u00fc ve Proje Koordinat\u00f6r\u00fc Erol Hanl\u0131gil, AA muhabirine, 8 y\u0131ld\u0131r uygulanan proje ile \u00e7e\u015fitli bran\u015flarda faaliyetlerin y\u00fcr\u00fct\u00fcld\u00fc\u011f\u00fcn\u00fc s\u00f6yledi.<\/p>\n<p> Kentte k\u0131\u015f mevsiminin uzun s\u00fcrd\u00fc\u011f\u00fcn\u00fc belirten Hanl\u0131gil, &#8220;B\u00f6lgemiz 4 ay boyunca kayak yapmak i\u00e7in uygun \u015fartlara sahip. Kayak bran\u015f\u0131 de\u011fer verdi\u011fimiz bir alan. Bu y\u0131l \u015fu ana kadar 3 bin \u00f6\u011frencimizi kayakla bulu\u015fturduk. Antren\u00f6r arkada\u015flar\u0131m\u0131z, \u00f6\u011frencilerimize e\u011fitim verdi. Burada ilkokul, ortaokul, lise ve \u00f6zel e\u011fitim \u00f6\u011frencilerimizi program dahilinde kayak merkezine getiriyoruz. Valili\u011fimizin dayana\u011f\u0131yla \u00f6\u011frencilere \u00f6\u011flen yeme\u011fi de ikram ediyoruz.&#8221; diye konu\u015ftu.<\/p>\n<p> <strong>&#8211; &#8220;70 bin \u00f6\u011frencimizi kayakla bulu\u015fturduk&#8221;<\/strong><\/p>\n<p> Anaokulu \u00f6\u011frencilerine jimnastik, ilkokul \u00f6\u011frencilerine y\u00fczme, ortaokul ve lise \u00f6\u011frencilerine futbol, voleybol, dart, masa tenisi ve bilek g\u00fcre\u015fi e\u011fitimi verildi\u011fini anlatan Hanl\u0131gil, \u015funlar\u0131 kaydetti:<\/p>\n<p> &#8220;Kayak merkezine getirdi\u011fimiz \u00f6\u011frenciler temel kayak e\u011fitimi al\u0131yor. Her g\u00fcn 100 \u00f6\u011frenci geliyor. \u00d6\u011frencilerimiz ald\u0131klar\u0131 e\u011fitimle kayabilecek d\u00fczeye geliyor. Yetenekli g\u00f6rd\u00fc\u011f\u00fcm\u00fcz, gelecek vadeden \u00f6\u011frencilerimizi spor kul\u00fcplerine y\u00f6nlendiriyoruz. 2017&#8217;den bu yana yakla\u015f\u0131k 70 bin \u00f6\u011frencimizi kayakla bulu\u015fturduk. Bu sene 10 bin \u00f6\u011frenciye ula\u015fmay\u0131 hedefliyoruz. Nisan\u0131n sonuna kadar \u00f6\u011frencilerimizi getirece\u011fiz. \u00d6rnek bir proje. Bu kadar az maliyetle bu kadar b\u00fcy\u00fck bir kitleye ula\u015facak se\u00e7kin projelerden biri.&#8221;<\/p>\n<p> <strong>&#8211; Antren\u00f6r \u00d6zal Aydemir: &#8220;Hem e\u011fleniyorlar hem \u00f6\u011freniyorlar&#8221;<\/strong><\/p>\n<p> Kayak antren\u00f6r\u00fc \u00d6zal Aydemir de \u00f6\u011frencilere kayakla ilgili hem teorik hem de uygulamal\u0131 bilgi verdiklerini lisana getirerek, &#8220;Temel kayakta t\u00fcm teknikleri anlat\u0131yoruz. Burada atlet taramas\u0131 da yap\u0131yoruz. Yetenekli olanlar\u0131 spora kazand\u0131r\u0131yoruz. E\u011fitim alan \u00f6\u011frencilerimiz amat\u00f6r pistten kayabiliyor. Daha evvel kayak merkezini g\u00f6rmemi\u015f \u00f6\u011frencilerimiz de var. Hem e\u011fleniyorlar hem \u00f6\u011freniyorlar. Gelecek ismine kendilerine bir \u015feyler kat\u0131yorlar. Bu alan\u0131 yanl\u0131\u015fs\u0131z bi\u00e7imde pahaland\u0131rmak laz\u0131m. Gayemiz d\u00f6nem bitinceye kadar ula\u015fabildi\u011fimiz kadar \u00f6\u011frenciye e\u011fitim vermektir.&#8221; diye konu\u015ftu.<\/p>\n<p> \u00d6\u011frencilerden \u0130klim \u00d6zdemir ise &#8220;Burada kayak yapmay\u0131 \u00f6\u011frendik. \u00c7ok e\u011fleniyoruz. Bize bu imkan\u0131 sa\u011flayan herkese \u00e7ok te\u015fekk\u00fcr ediyoruz. Kayak yap\u0131nca kendimizi \u00e7ok \u00f6zg\u00fcr hissediyoruz. Buraya daha evvel gelmemi\u015ftim. \u00c7ok memnunum. Her sene bu aktifli\u011fin olmas\u0131n\u0131 istiyoruz.&#8221; dedi.<\/p>\n","protected":false},"excerpt":{"rendered":"<p>Kar\u0131n yerde kalma m\u00fchletinin en uzun oldu\u011fu vilayetlerden Hakkari&#8217;de, &#8220;Sa\u011fl\u0131kl\u0131 Gelecek Sporla Gelecek Projesi&#8221; kapsam\u0131nda 8 y\u0131lda binlerce \u00f6\u011frenciye kayak e\u011fitimi verildi<\/p>\n","protected":false},"author":1,"featured_media":31756,"comment_status":"open","ping_status":"open","sticky":false,"template":"","format":"standard","meta":{"footnotes":""},"categories":[27],"tags":[1698,80,407,372,65],"class_list":["post-31755","post","type-post","status-publish","format-standard","has-post-thumbnail","hentry","category-guncel-haberler","tag-egitim","tag-kayak","tag-ogrenci","tag-ogrenciler","tag-spor"],"_links":{"self":[{"href":"https:\/\/haberbesiktas.tr\/index.php?rest_route=\/wp\/v2\/posts\/31755","targetHints":{"allow":["GET"]}}],"collection":[{"href":"https:\/\/haberbesiktas.tr\/index.php?rest_route=\/wp\/v2\/posts"}],"about":[{"href":"https:\/\/haberbesiktas.tr\/index.php?rest_route=\/wp\/v2\/types\/post"}],"author":[{"embeddable":true,"href":"https:\/\/haberbesiktas.tr\/index.php?rest_route=\/wp\/v2\/users\/1"}],"replies":[{"embeddable":true,"href":"https:\/\/haberbesiktas.tr\/index.php?rest_route=%2Fwp%2Fv2%2Fcomments&post=31755"}],"version-history":[{"count":1,"href":"https:\/\/haberbesiktas.tr\/index.php?rest_route=\/wp\/v2\/posts\/31755\/revisions"}],"predecessor-version":[{"id":31757,"href":"https:\/\/haberbesiktas.tr\/index.php?rest_route=\/wp\/v2\/posts\/31755\/revisions\/31757"}],"wp:featuredmedia":[{"embeddable":true,"href":"https:\/\/haberbesiktas.tr\/index.php?rest_route=\/wp\/v2\/media\/31756"}],"wp:attachment":[{"href":"https:\/\/haberbesiktas.tr\/index.php?rest_route=%2Fwp%2Fv2%2Fmedia&parent=31755"}],"wp:term":[{"taxonomy":"category","embeddable":true,"href":"https:\/\/haberbesiktas.tr\/index.php?rest_route=%2Fwp%2Fv2%2Fcategories&post=31755"},{"taxonomy":"post_tag","embeddable":true,"href":"https:\/\/haberbesiktas.tr\/index.php?rest_route=%2Fwp%2Fv2%2Ftags&post=31755"}],"curies":[{"name":"wp","href":"https:\/\/api.w.org\/{rel}","templated":true}]}}