{"id":31832,"date":"2025-05-18T21:36:17","date_gmt":"2025-05-18T21:36:17","guid":{"rendered":"https:\/\/haberbesiktas.tr\/?p=31832"},"modified":"2025-05-18T21:36:17","modified_gmt":"2025-05-18T21:36:17","slug":"rizespordan-ilhan-palut-aciklamasi","status":"publish","type":"post","link":"https:\/\/haberbesiktas.tr\/?p=31832","title":{"rendered":"Rizespor&#8217;dan \u0130lhan Palut a\u00e7\u0131klamas\u0131!"},"content":{"rendered":"<div>Rizespor, teknik y\u00f6netici \u0130lhan Palut ile ilgili bir a\u00e7\u0131klama yapt\u0131.<\/p>\n<p> Karadeniz grubu, Palut&#8217;un vazifesi b\u0131rakaca\u011f\u0131 halinde \u00e7\u0131kan haberlerin ger\u00e7e\u011fi yans\u0131tmad\u0131\u011f\u0131n\u0131 duyurdu.<\/p>\n<p> <strong>Rizespor&#8217;un a\u00e7\u0131klamas\u0131 \u015fu formda:<\/strong><\/p>\n<p> &#8220;Teknik Y\u00f6neticimiz \u0130lhan Palut&#8217;un, kimi haber siteleri ve toplumsal medyada &#8220;\u0130stifa etti\u011fi ve edece\u011fi&#8221; halinde haberler yer almaktad\u0131r.<\/p>\n<p> Kelam konusu haberler ve ortaya at\u0131lan arg\u00fcmanlar\u0131n hi\u00e7biri ger\u00e7e\u011fi yans\u0131tmamaktad\u0131r. Kul\u00fcb\u00fcm\u00fcz \u00fczerinde olumsuz alg\u0131 olu\u015fturma gayretindeki payla\u015f\u0131mlara prestij edilmemesini, Teknik Y\u00f6neticimiz \u0130lhan Palut&#8217;a inanc\u0131m\u0131z\u0131n birinci g\u00fcnk\u00fc \u00fczere tam oldu\u011funun bilinmesini isteriz.<\/p>\n<p> Teknik Y\u00f6neticimiz \u0130lhan Palut, vazifesinin ba\u015f\u0131ndad\u0131r ve 2 d\u00f6nem evvel ba\u015flatt\u0131\u011f\u0131m\u0131z planlamam\u0131z kararl\u0131l\u0131kla devam etmektedir. Trendyol \u00dcst\u00fcn Lig&#8217;in 30. haftas\u0131nda NET K\u00fcresel Sivasspor ile yapaca\u011f\u0131m\u0131z ma\u00e7\u0131n haz\u0131rl\u0131klar\u0131 planland\u0131\u011f\u0131 \u00fczere 21 Mart Cuma g\u00fcn\u00fc ba\u015flayacakt\u0131r.&#8221;<\/p>\n<\/div>\n<p><\/p>\n","protected":false},"excerpt":{"rendered":"<p>Rizespor, teknik y\u00f6netici \u0130lhan Palut&#8217;un misyonunu b\u0131rakaca\u011f\u0131 halindeki haberlerin ger\u00e7e\u011fi yans\u0131tmad\u0131\u011f\u0131n\u0131 a\u00e7\u0131klad\u0131.<\/p>\n","protected":false},"author":1,"featured_media":31833,"comment_status":"open","ping_status":"open","sticky":false,"template":"","format":"standard","meta":{"footnotes":""},"categories":[25],"tags":[540],"class_list":["post-31832","post","type-post","status-publish","format-standard","has-post-thumbnail","hentry","category-futbol","tag-palut"],"_links":{"self":[{"href":"https:\/\/haberbesiktas.tr\/index.php?rest_route=\/wp\/v2\/posts\/31832","targetHints":{"allow":["GET"]}}],"collection":[{"href":"https:\/\/haberbesiktas.tr\/index.php?rest_route=\/wp\/v2\/posts"}],"about":[{"href":"https:\/\/haberbesiktas.tr\/index.php?rest_route=\/wp\/v2\/types\/post"}],"author":[{"embeddable":true,"href":"https:\/\/haberbesiktas.tr\/index.php?rest_route=\/wp\/v2\/users\/1"}],"replies":[{"embeddable":true,"href":"https:\/\/haberbesiktas.tr\/index.php?rest_route=%2Fwp%2Fv2%2Fcomments&post=31832"}],"version-history":[{"count":1,"href":"https:\/\/haberbesiktas.tr\/index.php?rest_route=\/wp\/v2\/posts\/31832\/revisions"}],"predecessor-version":[{"id":31834,"href":"https:\/\/haberbesiktas.tr\/index.php?rest_route=\/wp\/v2\/posts\/31832\/revisions\/31834"}],"wp:featuredmedia":[{"embeddable":true,"href":"https:\/\/haberbesiktas.tr\/index.php?rest_route=\/wp\/v2\/media\/31833"}],"wp:attachment":[{"href":"https:\/\/haberbesiktas.tr\/index.php?rest_route=%2Fwp%2Fv2%2Fmedia&parent=31832"}],"wp:term":[{"taxonomy":"category","embeddable":true,"href":"https:\/\/haberbesiktas.tr\/index.php?rest_route=%2Fwp%2Fv2%2Fcategories&post=31832"},{"taxonomy":"post_tag","embeddable":true,"href":"https:\/\/haberbesiktas.tr\/index.php?rest_route=%2Fwp%2Fv2%2Ftags&post=31832"}],"curies":[{"name":"wp","href":"https:\/\/api.w.org\/{rel}","templated":true}]}}