{"id":31835,"date":"2025-05-18T22:00:16","date_gmt":"2025-05-18T22:00:16","guid":{"rendered":"https:\/\/haberbesiktas.tr\/?p=31835"},"modified":"2025-05-18T22:00:16","modified_gmt":"2025-05-18T22:00:16","slug":"trabzonspordan-sakatlik-aciklamasi","status":"publish","type":"post","link":"https:\/\/haberbesiktas.tr\/?p=31835","title":{"rendered":"Trabzonspor&#8217;dan sakatl\u0131k a\u00e7\u0131klamas\u0131!"},"content":{"rendered":"<div>Trabzonspor, Ba\u015fak\u015fehir ma\u00e7\u0131nda sakatl\u0131k ya\u015fayan H\u00fcseyin T\u00fcrkmen ile ilgili bir a\u00e7\u0131klama yapt\u0131.<\/p>\n<p> <strong>Trabzonspor&#8217;un a\u00e7\u0131klamas\u0131 \u015fu bi\u00e7imde:<\/strong><\/p>\n<p> &#8220;Futbol A Grubumuzun, Trendyol S\u00fcper Lig \u015eamil Ekinci D\u00f6nemi&#8217;nin 28. haftas\u0131nda RAMS Ba\u015fak\u015fehir ile oynad\u0131\u011f\u0131 m\u00fcsabakada a\u011fr\u0131 hissederek oyundan \u00e7\u0131kan oyuncumuz H\u00fcseyin T\u00fcrkmen&#8217;in yap\u0131lan muayene ve MR g\u00f6r\u00fcnt\u00fclemesi sonucunda sa\u011f \u00fcst \u00f6n adalesinde yaralanma tespit edilmi\u015ftir. Oyuncumuzun tedavisine s\u0131hhat grubumuzca ba\u015flan\u0131lm\u0131\u015ft\u0131r.&#8221;<\/p>\n<\/div>\n<p><\/p>\n","protected":false},"excerpt":{"rendered":"<p>Trabzonspor, Ba\u015fak\u015fehir ma\u00e7\u0131nda sakatl\u0131k ya\u015fayan H\u00fcseyin T\u00fcrkmen ile ilgili bir a\u00e7\u0131klama yapt\u0131.<\/p>\n","protected":false},"author":1,"featured_media":31836,"comment_status":"open","ping_status":"open","sticky":false,"template":"","format":"standard","meta":{"footnotes":""},"categories":[25],"tags":[],"class_list":["post-31835","post","type-post","status-publish","format-standard","has-post-thumbnail","hentry","category-futbol"],"_links":{"self":[{"href":"https:\/\/haberbesiktas.tr\/index.php?rest_route=\/wp\/v2\/posts\/31835","targetHints":{"allow":["GET"]}}],"collection":[{"href":"https:\/\/haberbesiktas.tr\/index.php?rest_route=\/wp\/v2\/posts"}],"about":[{"href":"https:\/\/haberbesiktas.tr\/index.php?rest_route=\/wp\/v2\/types\/post"}],"author":[{"embeddable":true,"href":"https:\/\/haberbesiktas.tr\/index.php?rest_route=\/wp\/v2\/users\/1"}],"replies":[{"embeddable":true,"href":"https:\/\/haberbesiktas.tr\/index.php?rest_route=%2Fwp%2Fv2%2Fcomments&post=31835"}],"version-history":[{"count":1,"href":"https:\/\/haberbesiktas.tr\/index.php?rest_route=\/wp\/v2\/posts\/31835\/revisions"}],"predecessor-version":[{"id":31837,"href":"https:\/\/haberbesiktas.tr\/index.php?rest_route=\/wp\/v2\/posts\/31835\/revisions\/31837"}],"wp:featuredmedia":[{"embeddable":true,"href":"https:\/\/haberbesiktas.tr\/index.php?rest_route=\/wp\/v2\/media\/31836"}],"wp:attachment":[{"href":"https:\/\/haberbesiktas.tr\/index.php?rest_route=%2Fwp%2Fv2%2Fmedia&parent=31835"}],"wp:term":[{"taxonomy":"category","embeddable":true,"href":"https:\/\/haberbesiktas.tr\/index.php?rest_route=%2Fwp%2Fv2%2Fcategories&post=31835"},{"taxonomy":"post_tag","embeddable":true,"href":"https:\/\/haberbesiktas.tr\/index.php?rest_route=%2Fwp%2Fv2%2Ftags&post=31835"}],"curies":[{"name":"wp","href":"https:\/\/api.w.org\/{rel}","templated":true}]}}