{"id":31838,"date":"2025-05-18T22:12:11","date_gmt":"2025-05-18T22:12:11","guid":{"rendered":"https:\/\/haberbesiktas.tr\/?p=31838"},"modified":"2025-05-18T22:12:11","modified_gmt":"2025-05-18T22:12:11","slug":"para-okculuk-turkiye-kupasinin-ilk-ayagi-tamamlandi","status":"publish","type":"post","link":"https:\/\/haberbesiktas.tr\/?p=31838","title":{"rendered":"Para Ok\u00e7uluk T\u00fcrkiye Kupas\u0131&#8217;n\u0131n ilk aya\u011f\u0131 tamamland\u0131"},"content":{"rendered":"<p>2025 Para Ok\u00e7uluk T\u00fcrkiye Kupas\u0131 1. ayak m\u00fcsabakalar\u0131, Antalya&#8217;da yap\u0131ld\u0131.\u00a0<\/p>\n<p> T\u00fcrkiye Ok\u00e7uluk Federasyonunun a\u00e7\u0131klamas\u0131na nazaran Antalya 100. Y\u0131l Ok\u00e7uluk Tesisleri&#8217;nde iki g\u00fcn m\u00fchlet tertip, madalya kar\u015f\u0131la\u015fmalar\u0131yla sona erdi.<\/p>\n<p> Ok\u00e7ular Vakf\u0131 Spor Kul\u00fcb\u00fc, kadro s\u0131ralamas\u0131nda 4 alt\u0131n, 3 g\u00fcm\u00fc\u015f ve 2 bronz madalyayla tepede yer ald\u0131.<\/p>\n<p> Tertipte ferd\u00ee kar\u015f\u0131la\u015fmalarda birinci olan atletler \u015f\u00f6yle:<\/p>\n<p> Klasik yay erkekler a\u00e7\u0131k: Sad\u0131k Sava\u015f<\/p>\n<p> Klasik yay bayanlar a\u00e7\u0131k: Zehra \u00d6zbey Torun\u00a0<\/p>\n<p> Makaral\u0131 yay erkekler a\u00e7\u0131k: Kenan Babao\u011flu<\/p>\n<p> Makaral\u0131 yay bayanlar a\u00e7\u0131k: \u00d6znur C\u00fcre Girdi<\/p>\n<p> Erkekler W1 a\u00e7\u0131k: \u015eehit Kemikk\u0131ran<\/p>\n<p> Bayanlar W1 a\u00e7\u0131k: Nil M\u0131s\u0131r<\/p>\n","protected":false},"excerpt":{"rendered":"<p>Antalya&#8217;da d\u00fczenlenen 2025 Para Ok\u00e7uluk T\u00fcrkiye Kupas\u0131 1. ayak yar\u0131\u015flar\u0131nda Ok\u00e7ular Vakf\u0131 Spor Kul\u00fcb\u00fc, 4 alt\u0131n, 3 g\u00fcm\u00fc\u015f ve 2 bronz madalya ile kadro s\u0131ralamas\u0131nda tepeye \u00e7\u0131kt\u0131.<\/p>\n","protected":false},"author":1,"featured_media":31839,"comment_status":"open","ping_status":"open","sticky":false,"template":"","format":"standard","meta":{"footnotes":""},"categories":[27],"tags":[2632],"class_list":["post-31838","post","type-post","status-publish","format-standard","has-post-thumbnail","hentry","category-guncel-haberler","tag-acik"],"_links":{"self":[{"href":"https:\/\/haberbesiktas.tr\/index.php?rest_route=\/wp\/v2\/posts\/31838","targetHints":{"allow":["GET"]}}],"collection":[{"href":"https:\/\/haberbesiktas.tr\/index.php?rest_route=\/wp\/v2\/posts"}],"about":[{"href":"https:\/\/haberbesiktas.tr\/index.php?rest_route=\/wp\/v2\/types\/post"}],"author":[{"embeddable":true,"href":"https:\/\/haberbesiktas.tr\/index.php?rest_route=\/wp\/v2\/users\/1"}],"replies":[{"embeddable":true,"href":"https:\/\/haberbesiktas.tr\/index.php?rest_route=%2Fwp%2Fv2%2Fcomments&post=31838"}],"version-history":[{"count":1,"href":"https:\/\/haberbesiktas.tr\/index.php?rest_route=\/wp\/v2\/posts\/31838\/revisions"}],"predecessor-version":[{"id":31840,"href":"https:\/\/haberbesiktas.tr\/index.php?rest_route=\/wp\/v2\/posts\/31838\/revisions\/31840"}],"wp:featuredmedia":[{"embeddable":true,"href":"https:\/\/haberbesiktas.tr\/index.php?rest_route=\/wp\/v2\/media\/31839"}],"wp:attachment":[{"href":"https:\/\/haberbesiktas.tr\/index.php?rest_route=%2Fwp%2Fv2%2Fmedia&parent=31838"}],"wp:term":[{"taxonomy":"category","embeddable":true,"href":"https:\/\/haberbesiktas.tr\/index.php?rest_route=%2Fwp%2Fv2%2Fcategories&post=31838"},{"taxonomy":"post_tag","embeddable":true,"href":"https:\/\/haberbesiktas.tr\/index.php?rest_route=%2Fwp%2Fv2%2Ftags&post=31838"}],"curies":[{"name":"wp","href":"https:\/\/api.w.org\/{rel}","templated":true}]}}