{"id":31877,"date":"2025-05-19T00:48:16","date_gmt":"2025-05-19T00:48:16","guid":{"rendered":"https:\/\/haberbesiktas.tr\/?p=31877"},"modified":"2025-05-19T00:48:16","modified_gmt":"2025-05-19T00:48:16","slug":"barcelonadan-szczesny-icin-sozlesme-karari","status":"publish","type":"post","link":"https:\/\/haberbesiktas.tr\/?p=31877","title":{"rendered":"Barcelona&#8217;dan Szczesny i\u00e7in s\u00f6zle\u015fme karar\u0131"},"content":{"rendered":"<div>Barcelona, emeklilik karar\u0131ndan d\u00f6nd\u00fcrd\u00fc\u011f\u00fc Wojciech Szczesny i\u00e7in harekete ge\u00e7ti.<\/p>\n<p> Marca&#8217;da yer alan habere nazaran, Barcelona, Polonyal\u0131 file bek\u00e7isi ile yola devam etmek istiyor.<\/p>\n<p> Barcelona, Szczesny ile yeni mukavele i\u00e7in g\u00f6r\u00fc\u015fmelere ba\u015flad\u0131.<\/p>\n<p> 34 ya\u015f\u0131ndaki file bek\u00e7isi de ge\u00e7ti\u011fimiz g\u00fcnlerde yapt\u0131\u011f\u0131 a\u00e7\u0131klamada Barcelona&#8217;da ya\u015famaktan memnun oldu\u011funu s\u00f6ylemi\u015f ve ekipte kalmaya s\u0131cak bakt\u0131\u011f\u0131n\u0131 lisana getirmi\u015fti.<\/p>\n<p> Szczesny, Barcelona&#8217;ya imza atmas\u0131n\u0131n akabinde Katalan tak\u0131m\u0131n\u0131n kalesini 16 ma\u00e7ta korudu. Tecr\u00fcbeli file bek\u00e7isi, 16 gol yedi ve 8 ma\u00e7ta kalesini gole kapatt\u0131.<\/p>\n<\/div>\n<p><\/p>\n","protected":false},"excerpt":{"rendered":"<p>Barcelona, Wojciech Szczesny ile yeni kontrat i\u00e7in g\u00f6r\u00fc\u015fmelere ba\u015flad\u0131.<\/p>\n","protected":false},"author":1,"featured_media":31878,"comment_status":"open","ping_status":"open","sticky":false,"template":"","format":"standard","meta":{"footnotes":""},"categories":[25],"tags":[],"class_list":["post-31877","post","type-post","status-publish","format-standard","has-post-thumbnail","hentry","category-futbol"],"_links":{"self":[{"href":"https:\/\/haberbesiktas.tr\/index.php?rest_route=\/wp\/v2\/posts\/31877","targetHints":{"allow":["GET"]}}],"collection":[{"href":"https:\/\/haberbesiktas.tr\/index.php?rest_route=\/wp\/v2\/posts"}],"about":[{"href":"https:\/\/haberbesiktas.tr\/index.php?rest_route=\/wp\/v2\/types\/post"}],"author":[{"embeddable":true,"href":"https:\/\/haberbesiktas.tr\/index.php?rest_route=\/wp\/v2\/users\/1"}],"replies":[{"embeddable":true,"href":"https:\/\/haberbesiktas.tr\/index.php?rest_route=%2Fwp%2Fv2%2Fcomments&post=31877"}],"version-history":[{"count":1,"href":"https:\/\/haberbesiktas.tr\/index.php?rest_route=\/wp\/v2\/posts\/31877\/revisions"}],"predecessor-version":[{"id":31879,"href":"https:\/\/haberbesiktas.tr\/index.php?rest_route=\/wp\/v2\/posts\/31877\/revisions\/31879"}],"wp:featuredmedia":[{"embeddable":true,"href":"https:\/\/haberbesiktas.tr\/index.php?rest_route=\/wp\/v2\/media\/31878"}],"wp:attachment":[{"href":"https:\/\/haberbesiktas.tr\/index.php?rest_route=%2Fwp%2Fv2%2Fmedia&parent=31877"}],"wp:term":[{"taxonomy":"category","embeddable":true,"href":"https:\/\/haberbesiktas.tr\/index.php?rest_route=%2Fwp%2Fv2%2Fcategories&post=31877"},{"taxonomy":"post_tag","embeddable":true,"href":"https:\/\/haberbesiktas.tr\/index.php?rest_route=%2Fwp%2Fv2%2Ftags&post=31877"}],"curies":[{"name":"wp","href":"https:\/\/api.w.org\/{rel}","templated":true}]}}