{"id":31880,"date":"2025-05-19T01:00:16","date_gmt":"2025-05-19T01:00:16","guid":{"rendered":"https:\/\/haberbesiktas.tr\/?p=31880"},"modified":"2025-05-19T01:00:16","modified_gmt":"2025-05-19T01:00:16","slug":"ertugrul-dogan-ve-trabzonspordan-anlamli-ziyaret","status":"publish","type":"post","link":"https:\/\/haberbesiktas.tr\/?p=31880","title":{"rendered":"Ertu\u011frul Do\u011fan ve Trabzonspor&#8217;dan anlaml\u0131 ziyaret"},"content":{"rendered":"<div>Trabzonspor Kul\u00fcb\u00fc Lideri Ertu\u011frul Do\u011fan, \u0130stanbul Kad\u0131k\u00f6y&#8217;de b\u0131\u00e7akland\u0131ktan sonra tedavi g\u00f6rd\u00fc\u011f\u00fc hastanede hayat\u0131n\u0131 kaybeden 15 ya\u015f\u0131ndaki Mattia Ahmet Minguzzi&#8217;nin ailesine taziye ziyaretinde bulundu.<\/p>\n<p> Kul\u00fcpten yap\u0131lan a\u00e7\u0131klamaya nazaran, Lider Do\u011fan ile y\u00f6netim kurulu \u00fcyesi Be\u011fenilen Atasoy, Mattia Ahmet Minguzzi&#8217;nin annesi Yasemin Ak\u0131nc\u0131lar Minguzzi ve day\u0131s\u0131 Tahsin Semizo\u011flu ile bir ortaya geldi.<\/p>\n<p> Do\u011fan, Trabzonspor toplulu\u011fu olarak ailenin ac\u0131 kayb\u0131ndan \u00f6t\u00fcr\u00fc derin keder duyduklar\u0131n\u0131 belirterek, olay\u0131n takip\u00e7isi olacaklar\u0131n\u0131 ve emsal bir karar \u00e7\u0131kmas\u0131 i\u00e7in gayret edeceklerini vurgulad\u0131.<\/p>\n<p> Atasoy da olay\u0131n ya\u015fand\u0131\u011f\u0131 birinci g\u00fcnden itibaren aile bireyleriyle birlikte olduklar\u0131na i\u015faret ederek, &#8220;Ya\u015fanan bu ac\u0131 olay\u0131n faili, emsal te\u015fkil edecek halde en a\u011f\u0131r cezay\u0131 almal\u0131d\u0131r. Bu s\u00fcrecin sonuna kadar takip\u00e7isi olaca\u011f\u0131z ve benzeri trajedilerin ya\u015fanmamas\u0131 i\u00e7in u\u011fra\u015f\u0131m\u0131z\u0131 s\u00fcrd\u00fcrece\u011fiz.&#8221; s\u00f6zlerini kulland\u0131.<\/p>\n<p> Anne Minguzzi, ziyaretleri m\u00fcnasebetiyle Lider Do\u011fan ve Atasoy&#8217;a te\u015fekk\u00fcr etti.<\/p>\n<p> Kad\u0131k\u00f6y&#8217;de, 24 Ocak&#8217;ta arkada\u015flar\u0131yla birlikte kaykay materyali almak i\u00e7in gitti\u011fi pazarda, B.B. (15) ve U.B. (16) ortas\u0131nda \u00e7\u0131kan tart\u0131\u015fmada B.B. taraf\u0131ndan 5 sefer b\u0131\u00e7aklanan 15 ya\u015f\u0131ndaki Mattia Ahmet Minguzzi, tedavi g\u00f6rd\u00fc\u011f\u00fc hastanede 9 \u015eubat&#8217;ta hayat\u0131n\u0131 kaybetmi\u015fti.<\/p>\n<\/div>\n<p><\/p>\n","protected":false},"excerpt":{"rendered":"<p>Trabzonspor Kul\u00fcb\u00fc Lideri Ertu\u011frul Do\u011fan, Mattia Ahmet Minguzzi&#8217;nin ailesine taziye ziyareti ger\u00e7ekle\u015ftirdi.<\/p>\n","protected":false},"author":1,"featured_media":31881,"comment_status":"open","ping_status":"open","sticky":false,"template":"","format":"standard","meta":{"footnotes":""},"categories":[25],"tags":[2634],"class_list":["post-31880","post","type-post","status-publish","format-standard","has-post-thumbnail","hentry","category-futbol","tag-minguzzi"],"_links":{"self":[{"href":"https:\/\/haberbesiktas.tr\/index.php?rest_route=\/wp\/v2\/posts\/31880","targetHints":{"allow":["GET"]}}],"collection":[{"href":"https:\/\/haberbesiktas.tr\/index.php?rest_route=\/wp\/v2\/posts"}],"about":[{"href":"https:\/\/haberbesiktas.tr\/index.php?rest_route=\/wp\/v2\/types\/post"}],"author":[{"embeddable":true,"href":"https:\/\/haberbesiktas.tr\/index.php?rest_route=\/wp\/v2\/users\/1"}],"replies":[{"embeddable":true,"href":"https:\/\/haberbesiktas.tr\/index.php?rest_route=%2Fwp%2Fv2%2Fcomments&post=31880"}],"version-history":[{"count":1,"href":"https:\/\/haberbesiktas.tr\/index.php?rest_route=\/wp\/v2\/posts\/31880\/revisions"}],"predecessor-version":[{"id":31882,"href":"https:\/\/haberbesiktas.tr\/index.php?rest_route=\/wp\/v2\/posts\/31880\/revisions\/31882"}],"wp:featuredmedia":[{"embeddable":true,"href":"https:\/\/haberbesiktas.tr\/index.php?rest_route=\/wp\/v2\/media\/31881"}],"wp:attachment":[{"href":"https:\/\/haberbesiktas.tr\/index.php?rest_route=%2Fwp%2Fv2%2Fmedia&parent=31880"}],"wp:term":[{"taxonomy":"category","embeddable":true,"href":"https:\/\/haberbesiktas.tr\/index.php?rest_route=%2Fwp%2Fv2%2Fcategories&post=31880"},{"taxonomy":"post_tag","embeddable":true,"href":"https:\/\/haberbesiktas.tr\/index.php?rest_route=%2Fwp%2Fv2%2Ftags&post=31880"}],"curies":[{"name":"wp","href":"https:\/\/api.w.org\/{rel}","templated":true}]}}