{"id":31883,"date":"2025-05-19T01:12:10","date_gmt":"2025-05-19T01:12:10","guid":{"rendered":"https:\/\/haberbesiktas.tr\/?p=31883"},"modified":"2025-05-19T01:12:10","modified_gmt":"2025-05-19T01:12:10","slug":"goztepede-kupa-muzede-sergilenecek","status":"publish","type":"post","link":"https:\/\/haberbesiktas.tr\/?p=31883","title":{"rendered":"G\u00f6ztepe&#8217;de kupa m\u00fczede sergilenecek"},"content":{"rendered":"<p>Sultanlar Ligi&#8217;nde \u00e7aba etmeye hak kazanan Papara G\u00f6ztepe&#8217;nin kupas\u0131, d\u00fczenlenen merasimin akabinde sergilenmek \u00fczere m\u00fczeye konuldu.<\/p>\n<p> G\u00fcrsel Aksel Stadyumu&#8217;nda d\u00fczenlenen programda konu\u015fan G\u00f6ztepe Kul\u00fcb\u00fc Onursal Lideri Mehmet Sepil, kul\u00fcb\u00fcn 100. kurulu\u015f y\u0131l d\u00f6n\u00fcm\u00fcnde bu hayali ger\u00e7ekle\u015ftirmenin \u00e7ok de\u011ferli oldu\u011funu s\u00f6yledi.<\/p>\n<p> Bayan voleybolun futboldan sonra \u00fclkede en \u00e7ok takip edilen spor k\u0131sm\u0131 oldu\u011funu belirten Sepil, Sultanlar Ligi&#8217;nde \u00e7aba edecek olmalar\u0131n\u0131n tarihi bir muvaffakiyet oldu\u011funu kaydetti.<\/p>\n<p> Papara G\u00f6ztepe Bayan Voleybol Grubu Ba\u015fantren\u00f6r\u00fc Ataman G\u00fcneyligil de \u00e7ok yeterli bir d\u00f6nem ge\u00e7irdiklerini, vakit zaman k\u0131r\u0131lma anlar\u0131 ya\u015fad\u0131klar\u0131n\u0131 ve hak ettikleri yeni bir ligde \u00e7aba edeceklerini s\u00f6z etti.<\/p>\n<p> Kadronun kaptan\u0131 Ceren Kestireng\u00f6z Kapucu ise G\u00f6ztepe&#8217;nin rakip kadrolar i\u00e7in g\u00fc\u00e7 bir deplasman olaca\u011f\u0131n\u0131 ve ad\u0131m ad\u0131m ba\u015far\u0131l\u0131 olmak i\u00e7in \u00e7al\u0131\u015facaklar\u0131n\u0131 kaydetti.<\/p>\n<p> Merasimin akabinde kupa, sergilenmek \u00fczere m\u00fczeye konuldu.<\/p>\n<p> Programa, Papara G\u00f6ztepe Asba\u015fkan\u0131 Sinem G\u00fcntekin ile Voleybol \u015eube Ba\u015fkan\u0131 Hande \u00c7ilingir de kat\u0131ld\u0131.<\/p>\n","protected":false},"excerpt":{"rendered":"<p>Sultanlar Ligi&#8217;ne y\u00fckselen Papara G\u00f6ztepe&#8217;nin kupas\u0131 m\u00fczede sergilenecek.<\/p>\n","protected":false},"author":1,"featured_media":31884,"comment_status":"open","ping_status":"open","sticky":false,"template":"","format":"standard","meta":{"footnotes":""},"categories":[39],"tags":[64],"class_list":["post-31883","post","type-post","status-publish","format-standard","has-post-thumbnail","hentry","category-voleybol","tag-goztepe"],"_links":{"self":[{"href":"https:\/\/haberbesiktas.tr\/index.php?rest_route=\/wp\/v2\/posts\/31883","targetHints":{"allow":["GET"]}}],"collection":[{"href":"https:\/\/haberbesiktas.tr\/index.php?rest_route=\/wp\/v2\/posts"}],"about":[{"href":"https:\/\/haberbesiktas.tr\/index.php?rest_route=\/wp\/v2\/types\/post"}],"author":[{"embeddable":true,"href":"https:\/\/haberbesiktas.tr\/index.php?rest_route=\/wp\/v2\/users\/1"}],"replies":[{"embeddable":true,"href":"https:\/\/haberbesiktas.tr\/index.php?rest_route=%2Fwp%2Fv2%2Fcomments&post=31883"}],"version-history":[{"count":1,"href":"https:\/\/haberbesiktas.tr\/index.php?rest_route=\/wp\/v2\/posts\/31883\/revisions"}],"predecessor-version":[{"id":31885,"href":"https:\/\/haberbesiktas.tr\/index.php?rest_route=\/wp\/v2\/posts\/31883\/revisions\/31885"}],"wp:featuredmedia":[{"embeddable":true,"href":"https:\/\/haberbesiktas.tr\/index.php?rest_route=\/wp\/v2\/media\/31884"}],"wp:attachment":[{"href":"https:\/\/haberbesiktas.tr\/index.php?rest_route=%2Fwp%2Fv2%2Fmedia&parent=31883"}],"wp:term":[{"taxonomy":"category","embeddable":true,"href":"https:\/\/haberbesiktas.tr\/index.php?rest_route=%2Fwp%2Fv2%2Fcategories&post=31883"},{"taxonomy":"post_tag","embeddable":true,"href":"https:\/\/haberbesiktas.tr\/index.php?rest_route=%2Fwp%2Fv2%2Ftags&post=31883"}],"curies":[{"name":"wp","href":"https:\/\/api.w.org\/{rel}","templated":true}]}}