{"id":31889,"date":"2025-05-19T01:36:15","date_gmt":"2025-05-19T01:36:15","guid":{"rendered":"https:\/\/haberbesiktas.tr\/?p=31889"},"modified":"2025-05-19T01:36:15","modified_gmt":"2025-05-19T01:36:15","slug":"samsunspordan-fenerbahce-maci-icin-tffye-basvuru","status":"publish","type":"post","link":"https:\/\/haberbesiktas.tr\/?p=31889","title":{"rendered":"Samsunspor&#8217;dan Fenerbah\u00e7e ma\u00e7\u0131 i\u00e7in TFF&#8217;ye ba\u015fvuru!"},"content":{"rendered":"<div>Reeder Samsunspor Kul\u00fcb\u00fc Lider Vekili Veysel Bilen, &#8220;Oyuncumuz Marc Bola&#8217;ya kimi Fenerbah\u00e7eli oyuncular\u0131n sald\u0131r\u0131s\u0131 kameralar ile tespit edilmi\u015ftir. Kul\u00fcp olarak bu cins hadiselerin ya\u015fanmamas\u0131 ve bu sald\u0131r\u0131y\u0131 ger\u00e7ekle\u015ftiren futbolcular\u0131n cezaland\u0131r\u0131lmas\u0131 i\u00e7in TFF&#8217;ye resmi m\u00fcracaat\u0131m\u0131z\u0131 yapt\u0131k.&#8221; dedi.<\/p>\n<p> Bilen, AA muhabirine, Avrupa Ligi maksatlar\u0131 do\u011frultusunda 16 Mart Pazar g\u00fcn\u00fc deplasmanda Fenerbah\u00e7e kar\u015f\u0131s\u0131na puan yahut puanlar almak \u00e7\u0131kt\u0131klar\u0131n\u0131 ve oyuncular\u0131n\u0131n yeterli bir performans g\u00f6stererek alandan 1 puanla ayr\u0131ld\u0131klar\u0131n\u0131 hat\u0131rlatt\u0131.<\/p>\n<p> Hakemin son d\u00fcd\u00fc\u011f\u00fc ile birlikte oyuncular\u0131 Marc Bola&#8217;ya Fenerbah\u00e7eli oyuncular\u0131n ak\u0131nda bulundu\u011funu \u00f6ne s\u00fcren Bilen, &#8220;Oyuncumuz Marc Bola&#8217;ya birtak\u0131m Fenerbah\u00e7eli oyuncular\u0131n sald\u0131r\u0131s\u0131 kameralar ile tespit edilmi\u015ftir. Kul\u00fcp olarak bu \u00e7e\u015fit hadiselerin ya\u015fanmamas\u0131 ve bu sald\u0131r\u0131y\u0131 ger\u00e7ekle\u015ftiren futbolcular\u0131n cezaland\u0131r\u0131lmas\u0131 i\u00e7in TFF&#8217;ye resmi m\u00fcracaat\u0131m\u0131z\u0131 yapt\u0131k. \u0130nanc\u0131m\u0131z TFF&#8217;nin hakkaniyetli davranarak bu oyunculara ceza vermesidir. Biz de bu bahsin takip\u00e7isi olaca\u011f\u0131z.&#8221; s\u00f6z\u00fcn\u00fc kulland\u0131.<\/p>\n<\/div>\n<p><\/p>\n","protected":false},"excerpt":{"rendered":"<p>Samsunspor Kul\u00fcb\u00fc Lider Vekili Veysel Bilen, Fenerbah\u00e7e ma\u00e7\u0131n\u0131n akabinde ya\u015fanan olaylarla ilgili TFF&#8217;ye m\u00fcracaat yapt\u0131klar\u0131n\u0131 s\u00f6yledi.<\/p>\n","protected":false},"author":1,"featured_media":31890,"comment_status":"open","ping_status":"open","sticky":false,"template":"","format":"standard","meta":{"footnotes":""},"categories":[25],"tags":[871],"class_list":["post-31889","post","type-post","status-publish","format-standard","has-post-thumbnail","hentry","category-futbol","tag-oyunculari"],"_links":{"self":[{"href":"https:\/\/haberbesiktas.tr\/index.php?rest_route=\/wp\/v2\/posts\/31889","targetHints":{"allow":["GET"]}}],"collection":[{"href":"https:\/\/haberbesiktas.tr\/index.php?rest_route=\/wp\/v2\/posts"}],"about":[{"href":"https:\/\/haberbesiktas.tr\/index.php?rest_route=\/wp\/v2\/types\/post"}],"author":[{"embeddable":true,"href":"https:\/\/haberbesiktas.tr\/index.php?rest_route=\/wp\/v2\/users\/1"}],"replies":[{"embeddable":true,"href":"https:\/\/haberbesiktas.tr\/index.php?rest_route=%2Fwp%2Fv2%2Fcomments&post=31889"}],"version-history":[{"count":1,"href":"https:\/\/haberbesiktas.tr\/index.php?rest_route=\/wp\/v2\/posts\/31889\/revisions"}],"predecessor-version":[{"id":31891,"href":"https:\/\/haberbesiktas.tr\/index.php?rest_route=\/wp\/v2\/posts\/31889\/revisions\/31891"}],"wp:featuredmedia":[{"embeddable":true,"href":"https:\/\/haberbesiktas.tr\/index.php?rest_route=\/wp\/v2\/media\/31890"}],"wp:attachment":[{"href":"https:\/\/haberbesiktas.tr\/index.php?rest_route=%2Fwp%2Fv2%2Fmedia&parent=31889"}],"wp:term":[{"taxonomy":"category","embeddable":true,"href":"https:\/\/haberbesiktas.tr\/index.php?rest_route=%2Fwp%2Fv2%2Fcategories&post=31889"},{"taxonomy":"post_tag","embeddable":true,"href":"https:\/\/haberbesiktas.tr\/index.php?rest_route=%2Fwp%2Fv2%2Ftags&post=31889"}],"curies":[{"name":"wp","href":"https:\/\/api.w.org\/{rel}","templated":true}]}}