{"id":31898,"date":"2025-05-19T02:12:17","date_gmt":"2025-05-19T02:12:17","guid":{"rendered":"https:\/\/haberbesiktas.tr\/?p=31898"},"modified":"2025-05-19T02:12:17","modified_gmt":"2025-05-19T02:12:17","slug":"dursun-ozbek-algi-yaratma-pesindeler","status":"publish","type":"post","link":"https:\/\/haberbesiktas.tr\/?p=31898","title":{"rendered":"Dursun \u00d6zbek: &#8220;Alg\u0131 yaratma pe\u015findeler!&#8221;"},"content":{"rendered":"<div>Galatasaray toplulu\u011fu, GSY\u0130AD&#8217;\u0131n iftar yeme\u011finde bir araya geldi.<\/p>\n<p> Galatasaray Ba\u015fkan\u0131 Dursun \u00d6zbek, burada a\u00e7\u0131klamalarda bulundu. Dursun \u00d6zbek, <strong>&#8220;25. \u015fampiyonlu\u011fa giderken alg\u0131 yaratma pe\u015finde ko\u015fmalar en \u00fcst d\u00fczeyde. Bunlara hi\u00e7 ald\u0131rmay\u0131n. Ge\u00e7en sene de bunu yapt\u0131lar. Hat\u0131rlatmak istiyorum ki tarih tekerr\u00fcrden ibarettir. Ne yaparlarsa yaps\u0131nlar, bizi \u00e7\u0131kt\u0131\u011f\u0131m\u0131z bu \u015fampiyonluk yolundan d\u00f6nd\u00fcremeyecekler.&#8221;<\/strong> dedi.<\/p>\n<p> \u00d6zbek,<strong> &#8220;2017&#8217;de &#8216;Fenerbah\u00e7e 4. y\u0131ld\u0131z\u0131 takmadan biz 5. y\u0131ld\u0131z\u0131 takar\u0131z&#8217; demi\u015ftim. O yolda y\u00fcr\u00fcyoruz.<\/strong>&#8221; kelamlar\u0131n\u0131 sarf etti.<\/p>\n<\/div>\n<p><\/p>\n","protected":false},"excerpt":{"rendered":"<p>Galatasaray Ba\u015fkan\u0131 Dursun \u00d6zbek, GSY\u0130AD&#8217;\u0131n iftar yeme\u011finde a\u00e7\u0131klamalarda bulundu.<\/p>\n","protected":false},"author":1,"featured_media":31899,"comment_status":"open","ping_status":"open","sticky":false,"template":"","format":"standard","meta":{"footnotes":""},"categories":[25],"tags":[],"class_list":["post-31898","post","type-post","status-publish","format-standard","has-post-thumbnail","hentry","category-futbol"],"_links":{"self":[{"href":"https:\/\/haberbesiktas.tr\/index.php?rest_route=\/wp\/v2\/posts\/31898","targetHints":{"allow":["GET"]}}],"collection":[{"href":"https:\/\/haberbesiktas.tr\/index.php?rest_route=\/wp\/v2\/posts"}],"about":[{"href":"https:\/\/haberbesiktas.tr\/index.php?rest_route=\/wp\/v2\/types\/post"}],"author":[{"embeddable":true,"href":"https:\/\/haberbesiktas.tr\/index.php?rest_route=\/wp\/v2\/users\/1"}],"replies":[{"embeddable":true,"href":"https:\/\/haberbesiktas.tr\/index.php?rest_route=%2Fwp%2Fv2%2Fcomments&post=31898"}],"version-history":[{"count":1,"href":"https:\/\/haberbesiktas.tr\/index.php?rest_route=\/wp\/v2\/posts\/31898\/revisions"}],"predecessor-version":[{"id":31900,"href":"https:\/\/haberbesiktas.tr\/index.php?rest_route=\/wp\/v2\/posts\/31898\/revisions\/31900"}],"wp:featuredmedia":[{"embeddable":true,"href":"https:\/\/haberbesiktas.tr\/index.php?rest_route=\/wp\/v2\/media\/31899"}],"wp:attachment":[{"href":"https:\/\/haberbesiktas.tr\/index.php?rest_route=%2Fwp%2Fv2%2Fmedia&parent=31898"}],"wp:term":[{"taxonomy":"category","embeddable":true,"href":"https:\/\/haberbesiktas.tr\/index.php?rest_route=%2Fwp%2Fv2%2Fcategories&post=31898"},{"taxonomy":"post_tag","embeddable":true,"href":"https:\/\/haberbesiktas.tr\/index.php?rest_route=%2Fwp%2Fv2%2Ftags&post=31898"}],"curies":[{"name":"wp","href":"https:\/\/api.w.org\/{rel}","templated":true}]}}