{"id":31901,"date":"2025-05-19T02:24:11","date_gmt":"2025-05-19T02:24:11","guid":{"rendered":"https:\/\/haberbesiktas.tr\/?p=31901"},"modified":"2025-05-19T02:24:11","modified_gmt":"2025-05-19T02:24:11","slug":"elif-guneriye-coskulu-karsilama","status":"publish","type":"post","link":"https:\/\/haberbesiktas.tr\/?p=31901","title":{"rendered":"Elif G\u00fcneri&#8217;ye co\u015fkulu kar\u015f\u0131lama"},"content":{"rendered":"<p>S\u0131rbistan&#8217;da d\u00fczenlenen Bayanlar D\u00fcnya Boks \u015eampiyonas\u0131&#8217;nda bronz madalya kazanan ulusal sportmen Elif G\u00fcneri, Karab\u00fck&#8217;te sevgi \u015fovlar\u0131yla kar\u015f\u0131land\u0131.<\/p>\n<p> Yenimahalle Spor Salonu&#8217;nda ger\u00e7ekle\u015fen kar\u015f\u0131lama merasimine Gen\u00e7lik ve Spor Vilayet M\u00fcd\u00fcr\u00fc Co\u015fkun G\u00fcven, Spor Hizmetleri M\u00fcd\u00fcr\u00fc \u0130smail \u00d6zcan, antren\u00f6r Baykan Arslan, \u015fube m\u00fcd\u00fcrleri, kurum \u00e7al\u0131\u015fan\u0131 ve atletler kat\u0131ld\u0131.<\/p>\n<p> Me\u015fale ve \u00e7i\u00e7eklerle kar\u015f\u0131lanan G\u00fcneri, salona alk\u0131\u015f e\u015fli\u011finde giri\u015f yapt\u0131. G\u00fcneri, gazetecilere, bronz madalya kazand\u0131\u011f\u0131 i\u00e7in memnun oldu\u011funu s\u00f6yledi.<\/p>\n<p> D\u00fcnya \u015fampiyonu olmay\u0131 ama\u00e7lad\u0131\u011f\u0131n\u0131 lisana getiren G\u00fcneri, &#8220;Yakla\u015f\u0131k 2 y\u0131ll\u0131k bir ortadan sonra Avrupa ve d\u00fcnya \u015fampiyonas\u0131 \u00fczere arenalarda uzunluk g\u00f6stermek hakikaten \u00e7ok s\u0131k\u0131nt\u0131. \u00dc\u00e7\u00fcnc\u00fc oldum, alt\u0131n madalyay\u0131 hakikaten k\u0131l hissesi kaybetti\u011fim ma\u00e7lardan biri oldu.&#8221; tabirlerini kulland\u0131.<\/p>\n<p> G\u00fcneri, \u00e7eyrek finalde Azerbaycanl\u0131 Aynur Rzayeva&#8217;y\u0131 ma\u011flup etti\u011fi kar\u015f\u0131la\u015fman\u0131n akabinde rakibinin \u00fczerindeki Azerbaycan bayra\u011f\u0131n\u0131 \u00f6pmesine ait, &#8220;Azerbaycanl\u0131 arkada\u015f\u0131m y\u0131llard\u0131r birlikte oldu\u011fumuz, eldiven takt\u0131\u011f\u0131m\u0131z, altl\u0131 \u00fcstl\u00fc oynad\u0131\u011f\u0131m\u0131z vakitlerde birbirimize partnerlik yapt\u0131\u011f\u0131m\u0131z bir arkada\u015f\u0131md\u0131. Azerbaycan bizim karde\u015f \u00fclkemiz. O an i\u00e7imden ge\u00e7en \u015feyleri yapt\u0131m. \u00c7ok da ho\u015f bir an\u0131 oldu benim i\u00e7in.&#8221; diye konu\u015ftu.<\/p>\n","protected":false},"excerpt":{"rendered":"<p>D\u00fcnya \u00fc\u00e7\u00fcnc\u00fcs\u00fc ulusal boks\u00f6r Elif G\u00fcneri, Karab\u00fck&#8217;te co\u015fkuyla kar\u015f\u0131land\u0131.<\/p>\n","protected":false},"author":1,"featured_media":31902,"comment_status":"open","ping_status":"open","sticky":false,"template":"","format":"standard","meta":{"footnotes":""},"categories":[27],"tags":[2635,65],"class_list":["post-31901","post","type-post","status-publish","format-standard","has-post-thumbnail","hentry","category-guncel-haberler","tag-guneri","tag-spor"],"_links":{"self":[{"href":"https:\/\/haberbesiktas.tr\/index.php?rest_route=\/wp\/v2\/posts\/31901","targetHints":{"allow":["GET"]}}],"collection":[{"href":"https:\/\/haberbesiktas.tr\/index.php?rest_route=\/wp\/v2\/posts"}],"about":[{"href":"https:\/\/haberbesiktas.tr\/index.php?rest_route=\/wp\/v2\/types\/post"}],"author":[{"embeddable":true,"href":"https:\/\/haberbesiktas.tr\/index.php?rest_route=\/wp\/v2\/users\/1"}],"replies":[{"embeddable":true,"href":"https:\/\/haberbesiktas.tr\/index.php?rest_route=%2Fwp%2Fv2%2Fcomments&post=31901"}],"version-history":[{"count":1,"href":"https:\/\/haberbesiktas.tr\/index.php?rest_route=\/wp\/v2\/posts\/31901\/revisions"}],"predecessor-version":[{"id":31903,"href":"https:\/\/haberbesiktas.tr\/index.php?rest_route=\/wp\/v2\/posts\/31901\/revisions\/31903"}],"wp:featuredmedia":[{"embeddable":true,"href":"https:\/\/haberbesiktas.tr\/index.php?rest_route=\/wp\/v2\/media\/31902"}],"wp:attachment":[{"href":"https:\/\/haberbesiktas.tr\/index.php?rest_route=%2Fwp%2Fv2%2Fmedia&parent=31901"}],"wp:term":[{"taxonomy":"category","embeddable":true,"href":"https:\/\/haberbesiktas.tr\/index.php?rest_route=%2Fwp%2Fv2%2Fcategories&post=31901"},{"taxonomy":"post_tag","embeddable":true,"href":"https:\/\/haberbesiktas.tr\/index.php?rest_route=%2Fwp%2Fv2%2Ftags&post=31901"}],"curies":[{"name":"wp","href":"https:\/\/api.w.org\/{rel}","templated":true}]}}