{"id":31904,"date":"2025-05-19T02:36:15","date_gmt":"2025-05-19T02:36:15","guid":{"rendered":"https:\/\/haberbesiktas.tr\/?p=31904"},"modified":"2025-05-19T02:36:15","modified_gmt":"2025-05-19T02:36:15","slug":"genc-milli-takimlar-canakkale-zaferini-andi","status":"publish","type":"post","link":"https:\/\/haberbesiktas.tr\/?p=31904","title":{"rendered":"Gen\u00e7 Milli Tak\u0131mlar, \u00c7anakkale Zaferi&#8217;ni and\u0131"},"content":{"rendered":"<div>Gen\u00e7 Ulusal Ekipler, haz\u0131rl\u0131k kamplar\u0131nda \u00c7anakkale Zaferi&#8217;nin 110. y\u0131l\u0131nda \u015fehitleri and\u0131.<\/p>\n<p> T\u00fcrkiye Futbol Federasyonundan (TFF) yap\u0131lan a\u00e7\u0131klamaya nazaran, \u00dcmit Ulusal Kadro ve 20 Ya\u015f Alt\u0131 Ulusal Kadrosu futbolcular\u0131, \u0130stanbul&#8217;daki haz\u0131rl\u0131k kamplar\u0131nda \u00c7anakkale Zaferi&#8217;ni kutlad\u0131.<\/p>\n<p> Ayr\u0131yeten, Galler&#8217;de UEFA Avrupa 19 Ya\u015f Alt\u0131 \u015eampiyonas\u0131 Se\u00e7kin T\u0131p ma\u00e7lar\u0131 i\u00e7in haz\u0131rlanan 19 Ya\u015f Alt\u0131 Ulusal Grubu, H\u0131rvatistan&#8217;da haz\u0131rl\u0131k turnuvas\u0131na kat\u0131lan 18 Ya\u015f Alt\u0131 Ulusal Ekibi ve \u0130svi\u00e7re&#8217;de UEFA Avrupa 17 Ya\u015f Alt\u0131 \u015eampiyonas\u0131 A Ligi 2. T\u0131p ma\u00e7lar\u0131 i\u00e7in kamp yapan 17 Ya\u015f Alt\u0131 Ulusal Grubu, a\u00e7t\u0131klar\u0131 bayraklarla \u015fehitleri and\u0131.<\/p>\n<\/div>\n<p><\/p>\n","protected":false},"excerpt":{"rendered":"<p>Gen\u00e7 Ulusal Gruplar, \u00c7anakkale Zaferi&#8217;nin 110. y\u0131l\u0131nda \u015fehitleri and\u0131.<\/p>\n","protected":false},"author":1,"featured_media":31905,"comment_status":"open","ping_status":"open","sticky":false,"template":"","format":"standard","meta":{"footnotes":""},"categories":[25],"tags":[145],"class_list":["post-31904","post","type-post","status-publish","format-standard","has-post-thumbnail","hentry","category-futbol","tag-milli-takim"],"_links":{"self":[{"href":"https:\/\/haberbesiktas.tr\/index.php?rest_route=\/wp\/v2\/posts\/31904","targetHints":{"allow":["GET"]}}],"collection":[{"href":"https:\/\/haberbesiktas.tr\/index.php?rest_route=\/wp\/v2\/posts"}],"about":[{"href":"https:\/\/haberbesiktas.tr\/index.php?rest_route=\/wp\/v2\/types\/post"}],"author":[{"embeddable":true,"href":"https:\/\/haberbesiktas.tr\/index.php?rest_route=\/wp\/v2\/users\/1"}],"replies":[{"embeddable":true,"href":"https:\/\/haberbesiktas.tr\/index.php?rest_route=%2Fwp%2Fv2%2Fcomments&post=31904"}],"version-history":[{"count":1,"href":"https:\/\/haberbesiktas.tr\/index.php?rest_route=\/wp\/v2\/posts\/31904\/revisions"}],"predecessor-version":[{"id":31906,"href":"https:\/\/haberbesiktas.tr\/index.php?rest_route=\/wp\/v2\/posts\/31904\/revisions\/31906"}],"wp:featuredmedia":[{"embeddable":true,"href":"https:\/\/haberbesiktas.tr\/index.php?rest_route=\/wp\/v2\/media\/31905"}],"wp:attachment":[{"href":"https:\/\/haberbesiktas.tr\/index.php?rest_route=%2Fwp%2Fv2%2Fmedia&parent=31904"}],"wp:term":[{"taxonomy":"category","embeddable":true,"href":"https:\/\/haberbesiktas.tr\/index.php?rest_route=%2Fwp%2Fv2%2Fcategories&post=31904"},{"taxonomy":"post_tag","embeddable":true,"href":"https:\/\/haberbesiktas.tr\/index.php?rest_route=%2Fwp%2Fv2%2Ftags&post=31904"}],"curies":[{"name":"wp","href":"https:\/\/api.w.org\/{rel}","templated":true}]}}